{"id":7865,"date":"2015-12-06T12:45:10","date_gmt":"2015-12-06T10:45:10","guid":{"rendered":"http:\/\/www.ciaobella.fr\/site\/?p=7865"},"modified":"2015-12-07T12:58:37","modified_gmt":"2015-12-07T10:58:37","slug":"la-voix-est-libre-france-3","status":"publish","type":"post","link":"http:\/\/www.ciaobella.fr\/site\/2015\/12\/06\/la-voix-est-libre-france-3\/","title":{"rendered":"La voix est libre (France 3)"},"content":{"rendered":"<p>Le concert de jeudi au Th\u00e9\u00e2tre de l&rsquo;Alliance Fran\u00e7aise \u00e0 Paris est annonc\u00e9 dans les news musique de la semaine de l&rsquo;\u00e9mission.<\/p>\n<p><a href=\"http:\/\/pluzz.francetv.fr\/videos\/la_voix_est_libre_ile_de_france_,132151046.html\" target=\"_blank\">Revoir l&rsquo;\u00e9mission sur Pluzz (\u00e0 24&rsquo;36\u00a0\u00bb)<\/a><\/p>\n[flowplayer=http:\/\/www.ciaobella.fr\/site\/wp-content\/uploads\/2015\/12\/20151206_fr3_lvel.png|http:\/\/ciao.bella.free.fr\/flv_v4\/20151206_fr3_lvel.mp4,600,345]\n<p>\u00bb <a title=\"Videos\" href=\"http:\/\/www.ciaobella.fr\/site\/videos\/\">Retour \u00e0 la page Vid\u00e9os<\/a><\/p>\n","protected":false},"excerpt":{"rendered":"<p>Le concert de jeudi au Th\u00e9\u00e2tre de l&rsquo;Alliance Fran\u00e7aise \u00e0 Paris est annonc\u00e9 dans les news musique de la semaine de l&rsquo;\u00e9mission. Revoir l&rsquo;\u00e9mission sur Pluzz (\u00e0 24&rsquo;36\u00a0\u00bb) [flowplayer=http:\/\/www.ciaobella.fr\/site\/wp-content\/uploads\/2015\/12\/20151206_fr3_lvel.png|http:\/\/ciao.bella.free.fr\/flv_v4\/20151206_fr3_lvel.mp4,600,345] \u00bb Retour \u00e0 la page Vid\u00e9os<\/p>\n","protected":false},"author":3,"featured_media":7866,"comment_status":"open","ping_status":"open","sticky":false,"template":"","format":"standard","meta":[],"categories":[1,3],"tags":[],"_links":{"self":[{"href":"http:\/\/www.ciaobella.fr\/site\/wp-json\/wp\/v2\/posts\/7865"}],"collection":[{"href":"http:\/\/www.ciaobella.fr\/site\/wp-json\/wp\/v2\/posts"}],"about":[{"href":"http:\/\/www.ciaobella.fr\/site\/wp-json\/wp\/v2\/types\/post"}],"author":[{"embeddable":true,"href":"http:\/\/www.ciaobella.fr\/site\/wp-json\/wp\/v2\/users\/3"}],"replies":[{"embeddable":true,"href":"http:\/\/www.ciaobella.fr\/site\/wp-json\/wp\/v2\/comments?post=7865"}],"version-history":[{"count":4,"href":"http:\/\/www.ciaobella.fr\/site\/wp-json\/wp\/v2\/posts\/7865\/revisions"}],"predecessor-version":[{"id":7871,"href":"http:\/\/www.ciaobella.fr\/site\/wp-json\/wp\/v2\/posts\/7865\/revisions\/7871"}],"wp:featuredmedia":[{"embeddable":true,"href":"http:\/\/www.ciaobella.fr\/site\/wp-json\/wp\/v2\/media\/7866"}],"wp:attachment":[{"href":"http:\/\/www.ciaobella.fr\/site\/wp-json\/wp\/v2\/media?parent=7865"}],"wp:term":[{"taxonomy":"category","embeddable":true,"href":"http:\/\/www.ciaobella.fr\/site\/wp-json\/wp\/v2\/categories?post=7865"},{"taxonomy":"post_tag","embeddable":true,"href":"http:\/\/www.ciaobella.fr\/site\/wp-json\/wp\/v2\/tags?post=7865"}],"curies":[{"name":"wp","href":"https:\/\/api.w.org\/{rel}","templated":true}]}}