{"id":7340,"date":"2015-10-14T11:47:31","date_gmt":"2015-10-14T09:47:31","guid":{"rendered":"http:\/\/www.ciaobella.fr\/site\/?p=7340"},"modified":"2015-10-17T11:57:33","modified_gmt":"2015-10-17T09:57:33","slug":"tout-et-son-contraire-france-info","status":"publish","type":"post","link":"http:\/\/www.ciaobella.fr\/site\/2015\/10\/14\/tout-et-son-contraire-france-info\/","title":{"rendered":"Tout et son contraire (France Info)"},"content":{"rendered":"<p><a href=\"http:\/\/www.ciaobella.fr\/site\/wp-content\/uploads\/2015\/10\/toutetsoncontraire_franceinfo.jpg\"><img loading=\"lazy\" src=\"http:\/\/www.ciaobella.fr\/site\/wp-content\/uploads\/2015\/10\/toutetsoncontraire_franceinfo-600x450.jpg\" alt=\"toutetsoncontraire_franceinfo\" width=\"600\" height=\"450\" class=\"alignleft size-large wp-image-7341\" srcset=\"http:\/\/www.ciaobella.fr\/site\/wp-content\/uploads\/2015\/10\/toutetsoncontraire_franceinfo-600x450.jpg 600w, http:\/\/www.ciaobella.fr\/site\/wp-content\/uploads\/2015\/10\/toutetsoncontraire_franceinfo-300x225.jpg 300w, http:\/\/www.ciaobella.fr\/site\/wp-content\/uploads\/2015\/10\/toutetsoncontraire_franceinfo.jpg 1600w\" sizes=\"(max-width: 600px) 100vw, 600px\" \/><\/a><\/p>\n<p><strong>Podcast complet<\/strong><br \/>\n[audio:http:\/\/ciao.bella.free.fr\/audio_V4\/20151014_FranceInfo.mp3|titles=Tout et son contraire|artists=France Info]\n<p>\u00bb <a href=\"http:\/\/www.franceinfo.fr\/emission\/tout-et-son-contraire\/2015-2016\/rose-je-suis-difficile-vivre-14-10-2015-04-25\" target=\"_blank\">R\u00e9-\u00e9couter sur le site de l&rsquo;\u00e9mission<\/a><\/p>\n<blockquote class=\"twitter-tweet\" lang=\"fr\">\n<p lang=\"fr\" dir=\"ltr\">Rose chante &quot;Je suis moi et son contraire&quot;.  Elle est aujourd&#39;hui dans &quot;Tout et son contraire&quot;, et \u00e7a d\u00e9pote!  <a href=\"https:\/\/twitter.com\/franceinfo\">@franceinfo<\/a> <a href=\"https:\/\/twitter.com\/rosekeren\">@rosekeren<\/a><\/p>\n<p>&mdash; Philippe Vandel (@PhilippeVandel) <a href=\"https:\/\/twitter.com\/PhilippeVandel\/status\/654195879293927424\">14 Octobre 2015<\/a><\/p><\/blockquote>\n<p><script async src=\"\/\/platform.twitter.com\/widgets.js\" charset=\"utf-8\"><\/script><br \/>\n<!--more--><\/p>\n<blockquote class=\"twitter-tweet\" lang=\"fr\">\n<p lang=\"fr\" dir=\"ltr\">.<a href=\"https:\/\/twitter.com\/rosekeren\">@rosekeren<\/a> chez <a href=\"https:\/\/twitter.com\/PhilippeVandel\">@PhilippeVandel<\/a> : &quot;J&#39;ai trich\u00e9 en ma\u00eetrise pour quelques oraux avec un kit mains libres&quot; <a href=\"http:\/\/t.co\/zX1YQdxHXJ\">pic.twitter.com\/zX1YQdxHXJ<\/a><\/p>\n<p>&mdash; France Info (@franceinfo) <a href=\"https:\/\/twitter.com\/franceinfo\/status\/654355771149258752\">14 Octobre 2015<\/a><\/p><\/blockquote>\n<p><script async src=\"\/\/platform.twitter.com\/widgets.js\" charset=\"utf-8\"><\/script><\/p>\n<blockquote class=\"twitter-tweet\" lang=\"fr\">\n<p lang=\"fr\" dir=\"ltr\">.<a href=\"https:\/\/twitter.com\/rosekeren\">@rosekeren<\/a> chez <a href=\"https:\/\/twitter.com\/PhilippeVandel\">@PhilippeVandel<\/a> : &quot;Je commence \u00e0 peine \u00e0 dire que j&#39;ai fait la Nouvelle Star&quot; <a href=\"http:\/\/t.co\/NV9S0T93sT\">pic.twitter.com\/NV9S0T93sT<\/a><\/p>\n<p>&mdash; France Info (@franceinfo) <a href=\"https:\/\/twitter.com\/franceinfo\/status\/654332607736360960\">14 Octobre 2015<\/a><\/p><\/blockquote>\n<p><script async src=\"\/\/platform.twitter.com\/widgets.js\" charset=\"utf-8\"><\/script><\/p>\n<blockquote class=\"twitter-tweet\" lang=\"fr\">\n<p lang=\"fr\" dir=\"ltr\">Rose chez <a href=\"https:\/\/twitter.com\/PhilippeVandel\">@PhilippeVandel<\/a> : &quot;Je liste tout pour laisser partir ma vie en vrille&quot; <a href=\"http:\/\/t.co\/pA0XhiGGS8\">http:\/\/t.co\/pA0XhiGGS8<\/a> <a href=\"http:\/\/t.co\/35D1vGqlYe\">pic.twitter.com\/35D1vGqlYe<\/a><\/p>\n<p>&mdash; France Info (@franceinfo) <a href=\"https:\/\/twitter.com\/franceinfo\/status\/654285908427079680\">14 Octobre 2015<\/a><\/p><\/blockquote>\n<p><script async src=\"\/\/platform.twitter.com\/widgets.js\" charset=\"utf-8\"><\/script><\/p>\n<p>\u00bb <a href=\"http:\/\/www.ciaobella.fr\/site\/audio\/\">Revenir \u00e0 la partie AUDIO<\/a><\/p>\n","protected":false},"excerpt":{"rendered":"<p>Podcast complet [audio:http:\/\/ciao.bella.free.fr\/audio_V4\/20151014_FranceInfo.mp3|titles=Tout et son contraire|artists=France Info] \u00bb R\u00e9-\u00e9couter sur le site de l&rsquo;\u00e9mission Rose chante &quot;Je suis moi et son contraire&quot;. Elle est aujourd&#39;hui dans &quot;Tout et son contraire&quot;, et \u00e7a d\u00e9pote! @franceinfo @rosekeren &mdash; Philippe Vandel (@PhilippeVandel) 14 Octobre 2015<\/p>\n","protected":false},"author":2,"featured_media":7341,"comment_status":"open","ping_status":"open","sticky":false,"template":"","format":"standard","meta":[],"categories":[1,5],"tags":[],"_links":{"self":[{"href":"http:\/\/www.ciaobella.fr\/site\/wp-json\/wp\/v2\/posts\/7340"}],"collection":[{"href":"http:\/\/www.ciaobella.fr\/site\/wp-json\/wp\/v2\/posts"}],"about":[{"href":"http:\/\/www.ciaobella.fr\/site\/wp-json\/wp\/v2\/types\/post"}],"author":[{"embeddable":true,"href":"http:\/\/www.ciaobella.fr\/site\/wp-json\/wp\/v2\/users\/2"}],"replies":[{"embeddable":true,"href":"http:\/\/www.ciaobella.fr\/site\/wp-json\/wp\/v2\/comments?post=7340"}],"version-history":[{"count":3,"href":"http:\/\/www.ciaobella.fr\/site\/wp-json\/wp\/v2\/posts\/7340\/revisions"}],"predecessor-version":[{"id":7345,"href":"http:\/\/www.ciaobella.fr\/site\/wp-json\/wp\/v2\/posts\/7340\/revisions\/7345"}],"wp:featuredmedia":[{"embeddable":true,"href":"http:\/\/www.ciaobella.fr\/site\/wp-json\/wp\/v2\/media\/7341"}],"wp:attachment":[{"href":"http:\/\/www.ciaobella.fr\/site\/wp-json\/wp\/v2\/media?parent=7340"}],"wp:term":[{"taxonomy":"category","embeddable":true,"href":"http:\/\/www.ciaobella.fr\/site\/wp-json\/wp\/v2\/categories?post=7340"},{"taxonomy":"post_tag","embeddable":true,"href":"http:\/\/www.ciaobella.fr\/site\/wp-json\/wp\/v2\/tags?post=7340"}],"curies":[{"name":"wp","href":"https:\/\/api.w.org\/{rel}","templated":true}]}}