{"id":6781,"date":"2015-08-11T00:01:53","date_gmt":"2015-08-10T22:01:53","guid":{"rendered":"http:\/\/www.ciaobella.fr\/site\/?p=6781"},"modified":"2015-08-14T13:31:00","modified_gmt":"2015-08-14T11:31:00","slug":"showcase-radio-imagine-montgenevre","status":"publish","type":"post","link":"http:\/\/www.ciaobella.fr\/site\/2015\/08\/11\/showcase-radio-imagine-montgenevre\/","title":{"rendered":"Showcase Radio Imagine (Montgen\u00e8vre)"},"content":{"rendered":"<h2>AFFICHE<\/h2>\n<p><a href=\"http:\/\/www.ciaobella.fr\/site\/wp-content\/uploads\/2015\/08\/Montgenevre.jpg\"><img loading=\"lazy\" src=\"http:\/\/www.ciaobella.fr\/site\/wp-content\/uploads\/2015\/08\/Montgenevre-150x150.jpg\" alt=\"Montgenevre\" width=\"150\" height=\"150\" class=\"alignleft size-thumbnail wp-image-6783\" \/><\/a><\/p>\n<p><iframe loading=\"lazy\" width=\"100%\" height=\"166\" scrolling=\"no\" frameborder=\"no\" src=\"https:\/\/w.soundcloud.com\/player\/?url=https%3A\/\/api.soundcloud.com\/tracks\/213126907&amp;color=ff5500&amp;auto_play=false&amp;hide_related=false&amp;show_comments=true&amp;show_user=true&amp;show_reposts=false\"><\/iframe><\/p>\n<h2>PHOTOS<\/h2>\n<p><strong>Par <a href=\"http:\/\/www.mes-photos.fr\/2015\/08\/14\/rose-montgenevre\/\" target=\"_blank\">Anna\u00efck Forel<\/a><\/strong><br \/>\n[nggallery id=168]\n<h2>SETLIST &#038; VIDEOS<\/h2>\n<p><a href=\"http:\/\/www.ciaobella.fr\/site\/wp-content\/uploads\/2015\/08\/setlistmontgenevere1.jpg\"><img loading=\"lazy\" src=\"http:\/\/www.ciaobella.fr\/site\/wp-content\/uploads\/2015\/08\/setlistmontgenevere1-150x150.jpg\" alt=\"setlistmontgenevere1\" width=\"150\" height=\"150\" class=\"alignleft size-thumbnail wp-image-7060\" \/><\/a> <a href=\"http:\/\/www.ciaobella.fr\/site\/wp-content\/uploads\/2015\/08\/setlistmontgenevere2.jpg\"><img loading=\"lazy\" src=\"http:\/\/www.ciaobella.fr\/site\/wp-content\/uploads\/2015\/08\/setlistmontgenevere2-150x150.jpg\" alt=\"setlistmontgenevere2\" width=\"150\" height=\"150\" class=\"alignleft size-thumbnail wp-image-7061\" \/><\/a><\/p>\n<blockquote><p>Pink Lady<br \/>\nJe compte<br \/>\nEt puis juin<br \/>\nAtone<br \/>\n<a href=\"https:\/\/www.youtube.com\/watch?v=2YoHqc61sBQ\" target=\"_blank\">Pour \u00eatre deux<\/a><br \/>\nRose<br \/>\nLa liste<br \/>\n<a href=\"https:\/\/youtu.be\/bZ5gUogkGYU\" target=\"_blank\">Comme avant<\/a><br \/>\n<a href=\"https:\/\/www.youtube.com\/watch?v=X7oN9_Rie3A\" target=\"_blank\">Volcano<\/a> (en duo avec David Zincke)<br \/>\nCiao Bella<br \/>\n&#8212;<br \/>\n<em>(Ordre incertain)<\/em><br \/>\nJ&rsquo;ai<br \/>\nL&rsquo;acide <\/p><\/blockquote>\n<p><iframe loading=\"lazy\" width=\"600\" height=\"338\" src=\"https:\/\/www.youtube.com\/embed\/2YoHqc61sBQ\" frameborder=\"0\" allowfullscreen><\/iframe><\/p>\n<h2>ANECDOTES<\/h2>\n<p>&#8211; C&rsquo;est Medi qui a chant\u00e9 <strong>Pour \u00eatre deux<\/strong> avec Rose<br \/>\n&#8211; Autour de Rose : Medi (guitare) et Aymeric Ardimanni (clavier)<br \/>\n&#8211; Le showcase a \u00e9t\u00e9 suivi d&rsquo;une s\u00e9ance de d\u00e9dicaces agr\u00e9ment\u00e9e d&rsquo;un b\u0153uf pendant lequel Medi &#038; David Zincke ont chant\u00e9 des chansons \u00e0 eux, mais aussi <strong>You&rsquo;ve got a friend<\/strong>, <strong>Hotel California<\/strong>&#8230; avec la participation de Rose.<\/p>\n<h2>LIVE REPORT<\/h2>\n<blockquote><p>Quand Rose est en mode \u00ab vacances avec ses potes \u00bb \u00e7a donne une artiste totalement d\u00e9tendue sur sc\u00e8ne avec une cascade de vannes, des le\u00e7ons de chant, du papotage avec le public\u2026 Bref elle a conquis les quelques quatre cent personnes venues la voir jouer ce soir-l\u00e0.<\/p><\/blockquote>\n<p>\u00bb <a href=\"http:\/\/www.mes-photos.fr\/2015\/08\/14\/rose-montgenevre\/\" target=\"_blank\">Lire la suite sur Mes-Photos.fr<\/a><\/p>\n<h2>SOUVENIRS BY ROSE<\/h2>\n<blockquote><p>\u00c9tant donn\u00e9 que je suis en retard d&rsquo;une journ\u00e9e, (rapport au fait qu&rsquo;on est \u00e0 la fronti\u00e8re italienne et que \u202a#\u200ejaidureseaupinon\u202c) voici un double montage et tr\u00e8s vite un live report de concert unique sur Ciao Bella (j&rsquo;imagine !)<br \/>\nLe public de Montgenevre fut merveilleux et C&rsquo;est peu de le dire. Quelle surprise de vous voir si nombreux si proches et si \u00ab\u00a0chantants\u00a0\u00bb. J&rsquo;ai fait durer le plaisir jusqu&rsquo;\u00e0 tr\u00e8s tard&#8230;.<br \/>\nMerci merci merci!!!!<br \/>\nPink L.<\/p><\/blockquote>\n<p><a href=\"http:\/\/www.rose-leblog.fr\/2015\/08\/13\/double\/\" target=\"_blank\"><img loading=\"lazy\" src=\"http:\/\/www.ciaobella.fr\/site\/wp-content\/uploads\/2015\/08\/montgenevre1-300x300.jpg\" alt=\"montgenevre1\" width=\"300\" height=\"300\" class=\"alignleft size-medium wp-image-7133\" srcset=\"http:\/\/www.ciaobella.fr\/site\/wp-content\/uploads\/2015\/08\/montgenevre1-300x300.jpg 300w, http:\/\/www.ciaobella.fr\/site\/wp-content\/uploads\/2015\/08\/montgenevre1-150x150.jpg 150w, http:\/\/www.ciaobella.fr\/site\/wp-content\/uploads\/2015\/08\/montgenevre1-600x600.jpg 600w, http:\/\/www.ciaobella.fr\/site\/wp-content\/uploads\/2015\/08\/montgenevre1.jpg 960w\" sizes=\"(max-width: 300px) 100vw, 300px\" \/><\/a><br \/>\n<a href=\"http:\/\/www.rose-leblog.fr\/2015\/08\/13\/double\/\" target=\"_blank\"><img loading=\"lazy\" src=\"http:\/\/www.ciaobella.fr\/site\/wp-content\/uploads\/2015\/08\/montgenevre2-300x300.jpg\" alt=\"montgenevre2\" width=\"300\" height=\"300\" class=\"alignleft size-medium wp-image-7134\" srcset=\"http:\/\/www.ciaobella.fr\/site\/wp-content\/uploads\/2015\/08\/montgenevre2-300x300.jpg 300w, http:\/\/www.ciaobella.fr\/site\/wp-content\/uploads\/2015\/08\/montgenevre2-150x150.jpg 150w, http:\/\/www.ciaobella.fr\/site\/wp-content\/uploads\/2015\/08\/montgenevre2-600x600.jpg 600w, http:\/\/www.ciaobella.fr\/site\/wp-content\/uploads\/2015\/08\/montgenevre2.jpg 960w\" sizes=\"(max-width: 300px) 100vw, 300px\" \/><\/a><\/p>\n<h2>SUR LE WEB<\/h2>\n<div class=\"storify\"><iframe loading=\"lazy\" src=\"\/\/storify.com\/ciaobella\/rose-en-showcase-a-montgenevre\/embed?border=false\" width=\"100%\" height=\"750\" frameborder=\"no\" allowtransparency=\"true\"><\/iframe><script src=\"\/\/storify.com\/ciaobella\/rose-en-showcase-a-montgenevre.js?border=false\"><\/script><noscript>[<a href=\"\/\/storify.com\/ciaobella\/rose-en-showcase-a-montgenevre\" target=\"_blank\">View the story \u00ab\u00a0Rose en showcase \u00e0 Montgen\u00e8vre\u00a0\u00bb on Storify<\/a>]<\/noscript><\/div>\n","protected":false},"excerpt":{"rendered":"<p>AFFICHE PHOTOS Par Anna\u00efck Forel [nggallery id=168] SETLIST &#038; VIDEOS Pink Lady Je compte Et puis juin Atone Pour \u00eatre deux Rose La liste Comme avant Volcano (en duo avec David Zincke) Ciao Bella &#8212; (Ordre incertain) J&rsquo;ai L&rsquo;acide ANECDOTES &#8211; C&rsquo;est Medi qui a chant\u00e9 Pour \u00eatre deux avec Rose &#8211; Autour de Rose [&hellip;]<\/p>\n","protected":false},"author":2,"featured_media":6783,"comment_status":"open","ping_status":"open","sticky":false,"template":"","format":"standard","meta":[],"categories":[4],"tags":[],"_links":{"self":[{"href":"http:\/\/www.ciaobella.fr\/site\/wp-json\/wp\/v2\/posts\/6781"}],"collection":[{"href":"http:\/\/www.ciaobella.fr\/site\/wp-json\/wp\/v2\/posts"}],"about":[{"href":"http:\/\/www.ciaobella.fr\/site\/wp-json\/wp\/v2\/types\/post"}],"author":[{"embeddable":true,"href":"http:\/\/www.ciaobella.fr\/site\/wp-json\/wp\/v2\/users\/2"}],"replies":[{"embeddable":true,"href":"http:\/\/www.ciaobella.fr\/site\/wp-json\/wp\/v2\/comments?post=6781"}],"version-history":[{"count":17,"href":"http:\/\/www.ciaobella.fr\/site\/wp-json\/wp\/v2\/posts\/6781\/revisions"}],"predecessor-version":[{"id":7135,"href":"http:\/\/www.ciaobella.fr\/site\/wp-json\/wp\/v2\/posts\/6781\/revisions\/7135"}],"wp:featuredmedia":[{"embeddable":true,"href":"http:\/\/www.ciaobella.fr\/site\/wp-json\/wp\/v2\/media\/6783"}],"wp:attachment":[{"href":"http:\/\/www.ciaobella.fr\/site\/wp-json\/wp\/v2\/media?parent=6781"}],"wp:term":[{"taxonomy":"category","embeddable":true,"href":"http:\/\/www.ciaobella.fr\/site\/wp-json\/wp\/v2\/categories?post=6781"},{"taxonomy":"post_tag","embeddable":true,"href":"http:\/\/www.ciaobella.fr\/site\/wp-json\/wp\/v2\/tags?post=6781"}],"curies":[{"name":"wp","href":"https:\/\/api.w.org\/{rel}","templated":true}]}}