{"id":6123,"date":"2014-09-27T15:26:38","date_gmt":"2014-09-27T13:26:38","guid":{"rendered":"http:\/\/www.ciaobella.fr\/site\/?p=6123"},"modified":"2014-10-24T14:32:54","modified_gmt":"2014-10-24T12:32:54","slug":"muzikelles-de-meaux","status":"publish","type":"post","link":"http:\/\/www.ciaobella.fr\/site\/2014\/09\/27\/muzikelles-de-meaux\/","title":{"rendered":"J&rsquo;ai 10 ans aux MuZik&rsquo;Elles de Meaux"},"content":{"rendered":"<p>Dans le cadre des 10 ans du festival des Muzik&rsquo;Elles de Meaux, Rose faisait partie des artistes, men\u00e9es par La Grande Sophie, qui ont fait un happening surprise en reprenant toutes ensemble <em>J&rsquo;ai 10 ans<\/em> d&rsquo;Alain Souchon le temps d&rsquo;un changement de plateau.<\/p>\n<p><iframe loading=\"lazy\" width=\"600\" height=\"338\" src=\"\/\/www.youtube.com\/embed\/5McuvxGyVlc?rel=0\" frameborder=\"0\" allowfullscreen><\/iframe><\/p>\n<p>Avec La Grande Sophie, Ornette, Rose, Ga\u00eblle Mi\u00e9vis, Daphn\u00e9, Clarika, Skye, Constance Amiot, Barbara Carlotti, Zaza Fournier, Sandra N&rsquo;Kak\u00e9, Claire Joseph.<br \/>\n<!--more--><\/p>\n<h2>SOUVENIRS BY ROSE<\/h2>\n<blockquote><p>Passer d&rsquo;astaffort aux muzik&rsquo;elles&#8230;.<br \/>\nA tout a l&rsquo;heure<\/p><\/blockquote>\n<p><a href=\"http:\/\/www.rose-leblog.fr\/2014\/09\/27\/passer-dastaffort-aux-muzikelles\/\" target=\"_blank\"><img loading=\"lazy\" src=\"http:\/\/www.ciaobella.fr\/site\/wp-content\/uploads\/2014\/09\/muzikelles-600x600.jpg\" alt=\"muzikelles\" width=\"600\" height=\"600\" class=\"alignleft size-large wp-image-6124\" srcset=\"http:\/\/www.ciaobella.fr\/site\/wp-content\/uploads\/2014\/09\/muzikelles-600x600.jpg 600w, http:\/\/www.ciaobella.fr\/site\/wp-content\/uploads\/2014\/09\/muzikelles-150x150.jpg 150w, http:\/\/www.ciaobella.fr\/site\/wp-content\/uploads\/2014\/09\/muzikelles-300x300.jpg 300w, http:\/\/www.ciaobella.fr\/site\/wp-content\/uploads\/2014\/09\/muzikelles.jpg 960w\" sizes=\"(max-width: 600px) 100vw, 600px\" \/><\/a><\/p>\n<h2>SUR LE WEB<\/h2>\n<div class=\"storify\"><iframe src=\"\/\/storify.com\/ciaobella\/j-ai-10-ans-aux-muzik-elles\/embed?border=false\" width=\"100%\" height=750 frameborder=no allowtransparency=true><\/iframe><script src=\"\/\/storify.com\/ciaobella\/j-ai-10-ans-aux-muzik-elles.js?border=false\"><\/script><noscript>[<a href=\"\/\/storify.com\/ciaobella\/j-ai-10-ans-aux-muzik-elles\" target=\"_blank\">View the story \u00ab\u00a0\u00a0\u00bbJ&rsquo;ai 10 ans\u00a0\u00bb aux Muzik&rsquo;Elles\u00a0\u00bb on Storify<\/a>]<\/noscript><\/div>\n<p>\u00bb <a href=\"http:\/\/www.ciaobella.fr\/site\/concerts\/\">Retour en page CONCERTS<\/a><\/p>\n","protected":false},"excerpt":{"rendered":"<p>Dans le cadre des 10 ans du festival des Muzik&rsquo;Elles de Meaux, Rose faisait partie des artistes, men\u00e9es par La Grande Sophie, qui ont fait un happening surprise en reprenant toutes ensemble J&rsquo;ai 10 ans d&rsquo;Alain Souchon le temps d&rsquo;un changement de plateau. Avec La Grande Sophie, Ornette, Rose, Ga\u00eblle Mi\u00e9vis, Daphn\u00e9, Clarika, Skye, Constance [&hellip;]<\/p>\n","protected":false},"author":2,"featured_media":6124,"comment_status":"open","ping_status":"open","sticky":false,"template":"","format":"standard","meta":[],"categories":[4,1],"tags":[],"_links":{"self":[{"href":"http:\/\/www.ciaobella.fr\/site\/wp-json\/wp\/v2\/posts\/6123"}],"collection":[{"href":"http:\/\/www.ciaobella.fr\/site\/wp-json\/wp\/v2\/posts"}],"about":[{"href":"http:\/\/www.ciaobella.fr\/site\/wp-json\/wp\/v2\/types\/post"}],"author":[{"embeddable":true,"href":"http:\/\/www.ciaobella.fr\/site\/wp-json\/wp\/v2\/users\/2"}],"replies":[{"embeddable":true,"href":"http:\/\/www.ciaobella.fr\/site\/wp-json\/wp\/v2\/comments?post=6123"}],"version-history":[{"count":3,"href":"http:\/\/www.ciaobella.fr\/site\/wp-json\/wp\/v2\/posts\/6123\/revisions"}],"predecessor-version":[{"id":6131,"href":"http:\/\/www.ciaobella.fr\/site\/wp-json\/wp\/v2\/posts\/6123\/revisions\/6131"}],"wp:featuredmedia":[{"embeddable":true,"href":"http:\/\/www.ciaobella.fr\/site\/wp-json\/wp\/v2\/media\/6124"}],"wp:attachment":[{"href":"http:\/\/www.ciaobella.fr\/site\/wp-json\/wp\/v2\/media?parent=6123"}],"wp:term":[{"taxonomy":"category","embeddable":true,"href":"http:\/\/www.ciaobella.fr\/site\/wp-json\/wp\/v2\/categories?post=6123"},{"taxonomy":"post_tag","embeddable":true,"href":"http:\/\/www.ciaobella.fr\/site\/wp-json\/wp\/v2\/tags?post=6123"}],"curies":[{"name":"wp","href":"https:\/\/api.w.org\/{rel}","templated":true}]}}