{"id":6064,"date":"2014-07-01T17:17:35","date_gmt":"2014-07-01T15:17:35","guid":{"rendered":"http:\/\/www.ciaobella.fr\/site\/?p=6064"},"modified":"2014-10-24T14:34:14","modified_gmt":"2014-10-24T12:34:14","slug":"velibtwitterday","status":"publish","type":"post","link":"http:\/\/www.ciaobella.fr\/site\/2014\/07\/01\/velibtwitterday\/","title":{"rendered":"#VelibTwitterDay"},"content":{"rendered":"<p>A l&rsquo;occasion du #VelibTwitterDay <a href=\"http:\/\/blog.velib.paris.fr\/blog\/2014\/07\/01\/velib-fete-ses-10-000-abonnes-twitter\/\" target=\"_blank\">pour f\u00eater leurs 10 000 followers<\/a>, Rose faisait partie des utilisateurs choisis pour avoir leur fanion sur un V\u00e9lib al\u00e9atoire.<br \/>\nPetit un clin d\u2019\u0153il <a href=\"http:\/\/www.ciaobella.fr\/site\/2013\/09\/28\/rose-a-velib-journee-showcase\/\">\u00e0 la journ\u00e9e #RoseAVelib<\/a> \ud83d\ude09<\/p>\n<blockquote class=\"twitter-tweet\" lang=\"fr\">\n<p><a href=\"https:\/\/twitter.com\/rosekeren\">@rosekeren<\/a> Merci de faire partie de nos 10.000 followers ! <a href=\"https:\/\/twitter.com\/hashtag\/VelibTwitterDay?src=hash\">#VelibTwitterDay<\/a> Vous m\u00e9ritiez bien \u00e7a : <a href=\"http:\/\/t.co\/C2TN4A60Gg\">pic.twitter.com\/C2TN4A60Gg<\/a><\/p>\n<p>&mdash; V\u00e9lib&#39; (@Velib) <a href=\"https:\/\/twitter.com\/Velib\/statuses\/484037248456065025\">1 Juillet 2014<\/a><\/p><\/blockquote>\n<p><script async src=\"\/\/platform.twitter.com\/widgets.js\" charset=\"utf-8\"><\/script><\/p>\n<blockquote class=\"twitter-tweet\" lang=\"fr\">\n<p><a href=\"https:\/\/twitter.com\/Velib\">@Velib<\/a> <a href=\"https:\/\/twitter.com\/hashtag\/nanmaisjekiffe?src=hash\">#nanmaisjekiffe<\/a>!<\/p>\n<p>&mdash; Rose (@rosekeren) <a href=\"https:\/\/twitter.com\/rosekeren\/statuses\/484042517370142720\">1 Juillet 2014<\/a><\/p><\/blockquote>\n<p><script async src=\"\/\/platform.twitter.com\/widgets.js\" charset=\"utf-8\"><\/script><\/p>\n<p><img loading=\"lazy\" src=\"http:\/\/www.ciaobella.fr\/site\/wp-content\/uploads\/2014\/08\/VelibTwitterDay.jpg\" alt=\"VelibTwitterDay\" width=\"600\" height=\"450\" class=\"alignleft size-full wp-image-6065\" srcset=\"http:\/\/www.ciaobella.fr\/site\/wp-content\/uploads\/2014\/08\/VelibTwitterDay.jpg 600w, http:\/\/www.ciaobella.fr\/site\/wp-content\/uploads\/2014\/08\/VelibTwitterDay-300x225.jpg 300w\" sizes=\"(max-width: 600px) 100vw, 600px\" \/><\/p>\n","protected":false},"excerpt":{"rendered":"<p>A l&rsquo;occasion du #VelibTwitterDay pour f\u00eater leurs 10 000 followers, Rose faisait partie des utilisateurs choisis pour avoir leur fanion sur un V\u00e9lib al\u00e9atoire. Petit un clin d\u2019\u0153il \u00e0 la journ\u00e9e #RoseAVelib \ud83d\ude09 @rosekeren Merci de faire partie de nos 10.000 followers ! #VelibTwitterDay Vous m\u00e9ritiez bien \u00e7a : pic.twitter.com\/C2TN4A60Gg &mdash; V\u00e9lib&#39; (@Velib) 1 Juillet [&hellip;]<\/p>\n","protected":false},"author":2,"featured_media":6065,"comment_status":"open","ping_status":"open","sticky":false,"template":"","format":"standard","meta":[],"categories":[1],"tags":[],"_links":{"self":[{"href":"http:\/\/www.ciaobella.fr\/site\/wp-json\/wp\/v2\/posts\/6064"}],"collection":[{"href":"http:\/\/www.ciaobella.fr\/site\/wp-json\/wp\/v2\/posts"}],"about":[{"href":"http:\/\/www.ciaobella.fr\/site\/wp-json\/wp\/v2\/types\/post"}],"author":[{"embeddable":true,"href":"http:\/\/www.ciaobella.fr\/site\/wp-json\/wp\/v2\/users\/2"}],"replies":[{"embeddable":true,"href":"http:\/\/www.ciaobella.fr\/site\/wp-json\/wp\/v2\/comments?post=6064"}],"version-history":[{"count":4,"href":"http:\/\/www.ciaobella.fr\/site\/wp-json\/wp\/v2\/posts\/6064\/revisions"}],"predecessor-version":[{"id":6069,"href":"http:\/\/www.ciaobella.fr\/site\/wp-json\/wp\/v2\/posts\/6064\/revisions\/6069"}],"wp:featuredmedia":[{"embeddable":true,"href":"http:\/\/www.ciaobella.fr\/site\/wp-json\/wp\/v2\/media\/6065"}],"wp:attachment":[{"href":"http:\/\/www.ciaobella.fr\/site\/wp-json\/wp\/v2\/media?parent=6064"}],"wp:term":[{"taxonomy":"category","embeddable":true,"href":"http:\/\/www.ciaobella.fr\/site\/wp-json\/wp\/v2\/categories?post=6064"},{"taxonomy":"post_tag","embeddable":true,"href":"http:\/\/www.ciaobella.fr\/site\/wp-json\/wp\/v2\/tags?post=6064"}],"curies":[{"name":"wp","href":"https:\/\/api.w.org\/{rel}","templated":true}]}}