{"id":5348,"date":"2013-11-19T22:39:52","date_gmt":"2013-11-19T22:39:52","guid":{"rendered":"http:\/\/www.ciaobella.fr\/site\/?p=5348"},"modified":"2013-11-26T00:11:27","modified_gmt":"2013-11-26T00:11:27","slug":"le-botanique-bruxelles","status":"publish","type":"post","link":"http:\/\/www.ciaobella.fr\/site\/2013\/11\/19\/le-botanique-bruxelles\/","title":{"rendered":"Le Botanique (Bruxelles)"},"content":{"rendered":"<h2>AFFICHE<\/h2>\n<p><a href=\"http:\/\/www.ciaobella.fr\/site\/wp-content\/uploads\/2013\/11\/affiche_botanique.jpg\"><img loading=\"lazy\" src=\"http:\/\/www.ciaobella.fr\/site\/wp-content\/uploads\/2013\/11\/affiche_botanique-150x150.jpg\" alt=\"affiche_botanique\" width=\"150\" height=\"150\" class=\"alignleft size-thumbnail wp-image-5416\" \/><\/a><\/p>\n<h2>PHOTOS<\/h2>\n<p><img loading=\"lazy\" src=\"http:\/\/www.ciaobella.fr\/site\/wp-content\/uploads\/2013\/11\/bruxelles_levif-600x399.jpg\" alt=\"bruxelles_levif\" width=\"600\" height=\"399\" class=\"alignleft size-large wp-image-5352\" srcset=\"http:\/\/www.ciaobella.fr\/site\/wp-content\/uploads\/2013\/11\/bruxelles_levif-600x399.jpg 600w, http:\/\/www.ciaobella.fr\/site\/wp-content\/uploads\/2013\/11\/bruxelles_levif-300x199.jpg 300w, http:\/\/www.ciaobella.fr\/site\/wp-content\/uploads\/2013\/11\/bruxelles_levif.jpg 620w\" sizes=\"(max-width: 600px) 100vw, 600px\" \/><br \/>\n<small><a href=\"http:\/\/focus.levif.be\/culture\/musique\/concerts\/rose-au-botanique-jamais-bruxelles-ne-me-lasse\/article-normal-11438.html\" target=\"_blank\">Source<\/a><\/small><\/p>\n<h2>SETLIST<\/h2>\n<p><em>Premi\u00e8re partie : Manon Ache<\/em><\/p>\n<blockquote><p>Mais \u00e7a va<br \/>\nSaisons<br \/>\nEt puis juin<br \/>\nJamais Paris ne me laisse<br \/>\nAux \u00e9clats je ris<br \/>\nJ&rsquo;sais plus<br \/>\nLes pieds dans l&rsquo;bonheur<br \/>\nC&rsquo;est donc rien<br \/>\nOn dit<br \/>\nLa liste<br \/>\nSombre con<br \/>\nL&rsquo;acide<br \/>\nQui peut dire<br \/>\nCiao Bella<br \/>\n&#8212;<br \/>\nComme si c&rsquo;\u00e9tait demain<br \/>\nJe me manque<br \/>\nJ&rsquo;aime (pas)<br \/>\n&#8212;<br \/>\nJ&rsquo;ai<\/p><\/blockquote>\n<h2>SOUVENIRS by ROSE<\/h2>\n<blockquote><p>Un concert hors du temps, du commun, du r\u00e9el&#8230;<br \/>\nBref, merci Bruxelles!!!<\/p><\/blockquote>\n<p><a href=\"http:\/\/www.rose-leblog.fr\/2013\/11\/20\/bruxelles\/\" target=\"_blank\"><img loading=\"lazy\" src=\"http:\/\/www.ciaobella.fr\/site\/wp-content\/uploads\/2013\/11\/bruxelles-600x600.jpg\" alt=\"bruxelles\" width=\"600\" height=\"600\" class=\"alignleft size-large wp-image-5350\" srcset=\"http:\/\/www.ciaobella.fr\/site\/wp-content\/uploads\/2013\/11\/bruxelles-600x600.jpg 600w, http:\/\/www.ciaobella.fr\/site\/wp-content\/uploads\/2013\/11\/bruxelles-150x150.jpg 150w, http:\/\/www.ciaobella.fr\/site\/wp-content\/uploads\/2013\/11\/bruxelles-300x300.jpg 300w, http:\/\/www.ciaobella.fr\/site\/wp-content\/uploads\/2013\/11\/bruxelles.jpg 720w\" sizes=\"(max-width: 600px) 100vw, 600px\" \/><\/a><\/p>\n<h2>ANECDOTES<\/h2>\n<p>&#8211; Rose a fait monter des gens sur sc\u00e8ne pour danser sur \u00ab\u00a0<em>J&rsquo;aime(pas)<\/em>\u00a0\u00bb<\/p>\n<h2>LIVE REPORTS<\/h2>\n<blockquote><p>L&rsquo;instant cocasse, &lsquo;On dit&rsquo;, elle entame le premier couplet, h\u00e9site, rit, merde, me souviens plus de la suite, deux ou trois nanas dans le public jouent au souffleur, silence, une ou deux vannes, J\u00e9r\u00f4me intervient: Serge Lama est plus dr\u00f4le, \u00e7a craint hurle Ad\u00e8le qui enregistrait la plage, le public bat des mains, Rose reprend la rengaine&#8230;On dit que ce monde a la naus\u00e9e   Qu&rsquo;il n&rsquo;est pas fait pour les filles Que les ch\u00e2teaux forts sont hant\u00e9s&#8230; et la termine sans heurts!<\/p><\/blockquote>\n<p>\u00bb <a href=\"http:\/\/concerts-review.over-blog.com\/article-rose-manon-ache-a-l-orangerie-du-botanique-bruxelles-le-19-novembre-2013-121212771.html\" target=\"_blank\">Lire tout l&rsquo;article sur Concerts-Review<\/a><\/p>\n<blockquote><p>Jamais Bruxelles ne me lasse<br \/>\nCe mardi 19 novembre, Rose se produisait au Botanique. G\u00e9n\u00e9reuse, la chanteuse de 35 ans a offert \u00e0 ses fans un concert \u00e9nergique. L&rsquo;occasion pour elle de red\u00e9couvrir ses chansons en live, les plus vieilles comme les nouvelles, issues de son dernier album Et puis juin.<\/p><\/blockquote>\n<p>\u00bb <a href=\"http:\/\/focus.levif.be\/culture\/musique\/concerts\/rose-au-botanique-jamais-bruxelles-ne-me-lasse\/article-normal-11438.html\" target=\"_blank\">Lire l&rsquo;article complet sur Focus Le Vif<\/a><\/p>\n<h2>SUR LE WEB<\/h2>\n<div class=\"storify\"><iframe src=\"\/\/storify.com\/ciaobella\/rose-au-botanique-bruxelles\/embed\" width=\"100%\" height=750 frameborder=no allowTransparency=true><\/iframe><script src=\"\/\/storify.com\/ciaobella\/rose-au-botanique-bruxelles.js\" type=\"text\/javascript\" language=\"javascript\"><\/script><noscript>[<a href=\"\/\/storify.com\/ciaobella\/rose-au-botanique-bruxelles\" target=\"_blank\">View the story \u00ab\u00a0Rose au Botanique (Bruxelles)\u00a0\u00bb on Storify<\/a>]<\/noscript><\/div>\n<p>\u00bb <a href=\"http:\/\/www.ciaobella.fr\/site\/concerts\/\">Retour en page CONCERTS<\/a><\/p>\n","protected":false},"excerpt":{"rendered":"<p>AFFICHE PHOTOS Source SETLIST Premi\u00e8re partie : Manon Ache Mais \u00e7a va Saisons Et puis juin Jamais Paris ne me laisse Aux \u00e9clats je ris J&rsquo;sais plus Les pieds dans l&rsquo;bonheur C&rsquo;est donc rien On dit La liste Sombre con L&rsquo;acide Qui peut dire Ciao Bella &#8212; Comme si c&rsquo;\u00e9tait demain Je me manque J&rsquo;aime [&hellip;]<\/p>\n","protected":false},"author":2,"featured_media":5350,"comment_status":"open","ping_status":"open","sticky":false,"template":"","format":"standard","meta":[],"categories":[4],"tags":[],"_links":{"self":[{"href":"http:\/\/www.ciaobella.fr\/site\/wp-json\/wp\/v2\/posts\/5348"}],"collection":[{"href":"http:\/\/www.ciaobella.fr\/site\/wp-json\/wp\/v2\/posts"}],"about":[{"href":"http:\/\/www.ciaobella.fr\/site\/wp-json\/wp\/v2\/types\/post"}],"author":[{"embeddable":true,"href":"http:\/\/www.ciaobella.fr\/site\/wp-json\/wp\/v2\/users\/2"}],"replies":[{"embeddable":true,"href":"http:\/\/www.ciaobella.fr\/site\/wp-json\/wp\/v2\/comments?post=5348"}],"version-history":[{"count":6,"href":"http:\/\/www.ciaobella.fr\/site\/wp-json\/wp\/v2\/posts\/5348\/revisions"}],"predecessor-version":[{"id":5417,"href":"http:\/\/www.ciaobella.fr\/site\/wp-json\/wp\/v2\/posts\/5348\/revisions\/5417"}],"wp:featuredmedia":[{"embeddable":true,"href":"http:\/\/www.ciaobella.fr\/site\/wp-json\/wp\/v2\/media\/5350"}],"wp:attachment":[{"href":"http:\/\/www.ciaobella.fr\/site\/wp-json\/wp\/v2\/media?parent=5348"}],"wp:term":[{"taxonomy":"category","embeddable":true,"href":"http:\/\/www.ciaobella.fr\/site\/wp-json\/wp\/v2\/categories?post=5348"},{"taxonomy":"post_tag","embeddable":true,"href":"http:\/\/www.ciaobella.fr\/site\/wp-json\/wp\/v2\/tags?post=5348"}],"curies":[{"name":"wp","href":"https:\/\/api.w.org\/{rel}","templated":true}]}}