{"id":4033,"date":"2013-03-21T16:07:49","date_gmt":"2013-03-21T16:07:49","guid":{"rendered":"http:\/\/www.ciaobella.fr\/site\/?p=4033"},"modified":"2013-04-08T15:43:13","modified_gmt":"2013-04-08T15:43:13","slug":"le-hublot-nancy","status":"publish","type":"post","link":"http:\/\/www.ciaobella.fr\/site\/2013\/03\/21\/le-hublot-nancy\/","title":{"rendered":"Le Hublot (Nancy)"},"content":{"rendered":"<p style=\"text-align: center;\"><small>Si vous avez assist\u00e9 \u00e0 ce concert, n&rsquo;h\u00e9sitez pas \u00e0 <a href=\"mailto:contact@ciaobella.fr\">nous mailer<\/a> pour partager photos, vid\u00e9os, anecdotes, &#8230; \ud83d\ude09<\/small><\/p>\n<h2>PHOTOS<\/h2>\n<p><strong>Par Delphine C., Fran\u00e7ois S. et Thomas H.<\/strong> Merci !<br \/>\n [nggallery id=86]\n<h2>SOUVENIRS by ROSE<\/h2>\n<blockquote><p>Merci Nancy pour ce moment privil\u00e9gi\u00e9 !<br \/>\nProchain rdv \u00e0 Rennes le 28 mars et pour les franciliens (et autres t\u00e9m\u00e9raires), le 29 mars \u00e0 Vaur\u00e9al !<\/p><\/blockquote>\n<p style=\"text-align:center;\"><a href=\"http:\/\/www.ciaobella.fr\/site\/wp-content\/uploads\/2013\/03\/nancy_by_rose.jpg\"><img loading=\"lazy\" src=\"http:\/\/www.ciaobella.fr\/site\/wp-content\/uploads\/2013\/03\/nancy_by_rose-450x600.jpg\" alt=\"\" title=\"nancy_by_rose\" width=\"450\" height=\"600\" class=\"alignleft size-large wp-image-4116\" srcset=\"http:\/\/www.ciaobella.fr\/site\/wp-content\/uploads\/2013\/03\/nancy_by_rose-450x600.jpg 450w, http:\/\/www.ciaobella.fr\/site\/wp-content\/uploads\/2013\/03\/nancy_by_rose-225x300.jpg 225w, http:\/\/www.ciaobella.fr\/site\/wp-content\/uploads\/2013\/03\/nancy_by_rose.jpg 720w\" sizes=\"(max-width: 450px) 100vw, 450px\" \/><\/a><\/p>\n<h2>SUR LE WEB<\/h2>\n<p><script src=\"\/\/storify.com\/ciaobella\/rose-au-hublot-de-nancy.js\"><\/script><noscript>[<a href=\"\/\/storify.com\/ciaobella\/rose-au-hublot-de-nancy\" target=\"_blank\">View the story \u00ab\u00a0Rose au Hublot de Nancy\u00a0\u00bb on Storify<\/a>]<\/noscript><\/p>\n<p>&#8212;<\/p>\n<p>\u00bb <a href=\"http:\/\/www.ciaobella.fr\/site\/concerts\/\">Retour en page CONCERTS<\/a><\/p>\n","protected":false},"excerpt":{"rendered":"<p>Si vous avez assist\u00e9 \u00e0 ce concert, n&rsquo;h\u00e9sitez pas \u00e0 nous mailer pour partager photos, vid\u00e9os, anecdotes, &#8230; \ud83d\ude09 PHOTOS Par Delphine C., Fran\u00e7ois S. et Thomas H. Merci ! [nggallery id=86] SOUVENIRS by ROSE Merci Nancy pour ce moment privil\u00e9gi\u00e9 ! Prochain rdv \u00e0 Rennes le 28 mars et pour les franciliens (et autres [&hellip;]<\/p>\n","protected":false},"author":2,"featured_media":4045,"comment_status":"open","ping_status":"open","sticky":false,"template":"","format":"standard","meta":[],"categories":[4],"tags":[],"_links":{"self":[{"href":"http:\/\/www.ciaobella.fr\/site\/wp-json\/wp\/v2\/posts\/4033"}],"collection":[{"href":"http:\/\/www.ciaobella.fr\/site\/wp-json\/wp\/v2\/posts"}],"about":[{"href":"http:\/\/www.ciaobella.fr\/site\/wp-json\/wp\/v2\/types\/post"}],"author":[{"embeddable":true,"href":"http:\/\/www.ciaobella.fr\/site\/wp-json\/wp\/v2\/users\/2"}],"replies":[{"embeddable":true,"href":"http:\/\/www.ciaobella.fr\/site\/wp-json\/wp\/v2\/comments?post=4033"}],"version-history":[{"count":14,"href":"http:\/\/www.ciaobella.fr\/site\/wp-json\/wp\/v2\/posts\/4033\/revisions"}],"predecessor-version":[{"id":4231,"href":"http:\/\/www.ciaobella.fr\/site\/wp-json\/wp\/v2\/posts\/4033\/revisions\/4231"}],"wp:featuredmedia":[{"embeddable":true,"href":"http:\/\/www.ciaobella.fr\/site\/wp-json\/wp\/v2\/media\/4045"}],"wp:attachment":[{"href":"http:\/\/www.ciaobella.fr\/site\/wp-json\/wp\/v2\/media?parent=4033"}],"wp:term":[{"taxonomy":"category","embeddable":true,"href":"http:\/\/www.ciaobella.fr\/site\/wp-json\/wp\/v2\/categories?post=4033"},{"taxonomy":"post_tag","embeddable":true,"href":"http:\/\/www.ciaobella.fr\/site\/wp-json\/wp\/v2\/tags?post=4033"}],"curies":[{"name":"wp","href":"https:\/\/api.w.org\/{rel}","templated":true}]}}