{"id":3849,"date":"2013-02-28T10:52:43","date_gmt":"2013-02-28T10:52:43","guid":{"rendered":"http:\/\/www.ciaobella.fr\/site\/?p=3849"},"modified":"2013-04-09T13:19:51","modified_gmt":"2013-04-09T13:19:51","slug":"on-va-tous-y-passer-france-inter","status":"publish","type":"post","link":"http:\/\/www.ciaobella.fr\/site\/2013\/02\/28\/on-va-tous-y-passer-france-inter\/","title":{"rendered":"On va tous y passer (France Inter)"},"content":{"rendered":"<p style=\"text-align:center;\"><a href=\"http:\/\/www.ciaobella.fr\/site\/wp-content\/uploads\/2013\/02\/72317_10151312574085642_553694327_n.jpg\"><img loading=\"lazy\" src=\"http:\/\/www.ciaobella.fr\/site\/wp-content\/uploads\/2013\/02\/72317_10151312574085642_553694327_n.jpg\" alt=\"\" title=\"Rose - On va tous y passer\" width=\"450\" height=\"450\" class=\"alignleft size-medium wp-image-3877\" srcset=\"http:\/\/www.ciaobella.fr\/site\/wp-content\/uploads\/2013\/02\/72317_10151312574085642_553694327_n.jpg 960w, http:\/\/www.ciaobella.fr\/site\/wp-content\/uploads\/2013\/02\/72317_10151312574085642_553694327_n-150x150.jpg 150w, http:\/\/www.ciaobella.fr\/site\/wp-content\/uploads\/2013\/02\/72317_10151312574085642_553694327_n-300x300.jpg 300w, http:\/\/www.ciaobella.fr\/site\/wp-content\/uploads\/2013\/02\/72317_10151312574085642_553694327_n-600x600.jpg 600w\" sizes=\"(max-width: 450px) 100vw, 450px\" \/><\/a><\/p>\n<p><strong>Aux \u00e9clats je ris<\/strong><br \/>\n[audio:http:\/\/ciao.bella.free.fr\/audio_V3\/20130228_inter_auxeclatsjeris.mp3|titles=Aux \u00e9clats je ris|artists=France Inter]\n<p><strong>Nothing compares 2 U (Prince)<\/strong><br \/>\n[audio:http:\/\/ciao.bella.free.fr\/audio_V3\/20130228_inter_prince.mp3|titles=Nothing compares 2 U|artists=France Inter]\n<iframe loading=\"lazy\" width=\"100%\" height=\"166\" scrolling=\"no\" frameborder=\"no\" src=\"https:\/\/w.soundcloud.com\/player\/?url=http%3A%2F%2Fapi.soundcloud.com%2Ftracks%2F81188629\"><\/iframe><\/p>\n<p>\u00bb <a href=\"http:\/\/www.franceinter.fr\/emission-on-va-tous-y-passer-sophia-aram-a-t-elle-mange-trop-de-religion\" target=\"_blank\">Podcast complet de l&rsquo;\u00e9mission<\/a><\/p>\n<h2>BONUS<\/h2>\n<p><strong>Vid\u00e9o <\/strong>: <a href=\"https:\/\/www.facebook.com\/photo.php?v=10151310736968199\" target=\"_blank\">L&rsquo;explication de Mathieu Coup\u00e2t du pourquoi du comment mon pain n&rsquo;\u00e9tait pas un pain&#8230;<\/a><\/p>\n<p><iframe loading=\"lazy\" width=\"600\" height=\"338\" src=\"http:\/\/www.youtube.com\/embed\/xewiPIiLObU?list=PLCnmMI_ahMf2M3rmoijj2U6exKL9e03K_\" frameborder=\"0\" allowfullscreen><\/iframe><\/p>\n<p><a href=\"http:\/\/www.ciaobella.fr\/site\/wp-content\/uploads\/2013\/02\/onvatousypasser.jpg\"><img loading=\"lazy\" class=\"alignleft size-full wp-image-3857\" title=\"On va tous y passer - 28 f\u00e9vrier 2013\" src=\"http:\/\/www.ciaobella.fr\/site\/wp-content\/uploads\/2013\/02\/onvatousypasser.jpg\" alt=\"\" width=\"600\" height=\"460\" srcset=\"http:\/\/www.ciaobella.fr\/site\/wp-content\/uploads\/2013\/02\/onvatousypasser.jpg 652w, http:\/\/www.ciaobella.fr\/site\/wp-content\/uploads\/2013\/02\/onvatousypasser-300x230.jpg 300w, http:\/\/www.ciaobella.fr\/site\/wp-content\/uploads\/2013\/02\/onvatousypasser-600x460.jpg 600w\" sizes=\"(max-width: 600px) 100vw, 600px\" \/><\/a><\/p>\n<blockquote class=\"twitter-tweet\" lang=\"fr\">\n<p>On va tous y passer. Surtout moi. En route for la maison de la radio. @<a href=\"https:\/\/twitter.com\/clubfranceinter\">clubfranceinter<\/a> <a href=\"https:\/\/twitter.com\/search\/%23OVTYP\">#OVTYP<\/a> <a href=\"https:\/\/twitter.com\/search\/%23fredericlopez\">#fredericlopez<\/a><\/p>\n<p>&mdash; Rose (@rosekeren) <a href=\"https:\/\/twitter.com\/rosekeren\/status\/307024570051862529\">28 f\u00e9vrier 2013<\/a><\/p><\/blockquote>\n<p><script async src=\"\/\/platform.twitter.com\/widgets.js\" charset=\"utf-8\"><\/script><\/p>\n<p>\u00bb <a href=\"http:\/\/www.ciaobella.fr\/site\/audio\/\">Revenir \u00e0 la partie AUDIO<\/a><\/p>\n","protected":false},"excerpt":{"rendered":"<p>Aux \u00e9clats je ris [audio:http:\/\/ciao.bella.free.fr\/audio_V3\/20130228_inter_auxeclatsjeris.mp3|titles=Aux \u00e9clats je ris|artists=France Inter] Nothing compares 2 U (Prince) [audio:http:\/\/ciao.bella.free.fr\/audio_V3\/20130228_inter_prince.mp3|titles=Nothing compares 2 U|artists=France Inter] \u00bb Podcast complet de l&rsquo;\u00e9mission BONUS Vid\u00e9o : L&rsquo;explication de Mathieu Coup\u00e2t du pourquoi du comment mon pain n&rsquo;\u00e9tait pas un pain&#8230; On va tous y passer. Surtout moi. En route for la maison de la [&hellip;]<\/p>\n","protected":false},"author":2,"featured_media":3877,"comment_status":"open","ping_status":"open","sticky":false,"template":"","format":"standard","meta":[],"categories":[5],"tags":[],"_links":{"self":[{"href":"http:\/\/www.ciaobella.fr\/site\/wp-json\/wp\/v2\/posts\/3849"}],"collection":[{"href":"http:\/\/www.ciaobella.fr\/site\/wp-json\/wp\/v2\/posts"}],"about":[{"href":"http:\/\/www.ciaobella.fr\/site\/wp-json\/wp\/v2\/types\/post"}],"author":[{"embeddable":true,"href":"http:\/\/www.ciaobella.fr\/site\/wp-json\/wp\/v2\/users\/2"}],"replies":[{"embeddable":true,"href":"http:\/\/www.ciaobella.fr\/site\/wp-json\/wp\/v2\/comments?post=3849"}],"version-history":[{"count":32,"href":"http:\/\/www.ciaobella.fr\/site\/wp-json\/wp\/v2\/posts\/3849\/revisions"}],"predecessor-version":[{"id":4232,"href":"http:\/\/www.ciaobella.fr\/site\/wp-json\/wp\/v2\/posts\/3849\/revisions\/4232"}],"wp:featuredmedia":[{"embeddable":true,"href":"http:\/\/www.ciaobella.fr\/site\/wp-json\/wp\/v2\/media\/3877"}],"wp:attachment":[{"href":"http:\/\/www.ciaobella.fr\/site\/wp-json\/wp\/v2\/media?parent=3849"}],"wp:term":[{"taxonomy":"category","embeddable":true,"href":"http:\/\/www.ciaobella.fr\/site\/wp-json\/wp\/v2\/categories?post=3849"},{"taxonomy":"post_tag","embeddable":true,"href":"http:\/\/www.ciaobella.fr\/site\/wp-json\/wp\/v2\/tags?post=3849"}],"curies":[{"name":"wp","href":"https:\/\/api.w.org\/{rel}","templated":true}]}}