{"id":3625,"date":"2013-02-15T23:58:05","date_gmt":"2013-02-15T23:58:05","guid":{"rendered":"http:\/\/www.ciaobella.fr\/site\/?p=3625"},"modified":"2013-02-15T23:58:05","modified_gmt":"2013-02-15T23:58:05","slug":"on-connait-la-musique-le-mag-europe-1","status":"publish","type":"post","link":"http:\/\/www.ciaobella.fr\/site\/2013\/02\/15\/on-connait-la-musique-le-mag-europe-1\/","title":{"rendered":"On connait la musique, le mag (Europe 1)"},"content":{"rendered":"<p>Avant de faire l&rsquo;objet d&rsquo;un On conna\u00eet la musique du weekend en Mars pour Et puis Juin, Rose \u00e9tait l&rsquo;invit\u00e9e de Thierry Lecamp avec Sylvain Brissot, directeur acoustique de iMusic-School. Morceaux choisis (Rose ayant particip\u00e9 \u00e0 l&rsquo;ensemble de l&rsquo;\u00e9mission elle est intervenue r\u00e9guli\u00e8rement au cours des chroniques de l&rsquo;\u00e9mission qui n&rsquo;ont pas \u00e9t\u00e9 retenues ici) :<\/p>\n<p><strong>Sur iMusic-School<\/strong><br \/>\n[audio:http:\/\/ciao.bella.free.fr\/audio_V3\/20130215_oclm_itw.mp3|titles=IMusic-school|artists=Rose]\n<strong>La s\u00e9lection musicale des invit\u00e9s<\/strong><br \/>\n[audio:http:\/\/ciao.bella.free.fr\/audio_V3\/20130215_oclm_selection.mp3|titles=S\u00e9lection musicale|artists=Rose]\n<p><a href=\"http:\/\/www.ciaobella.fr\/site\/wp-content\/uploads\/2013\/02\/BDJ5RpzCcAElseb.jpg\"><img loading=\"lazy\" class=\"aligncenter size-full wp-image-3627\" title=\"On conna\u00eet la musique, le mag\" src=\"http:\/\/www.ciaobella.fr\/site\/wp-content\/uploads\/2013\/02\/BDJ5RpzCcAElseb.jpg\" alt=\"\" width=\"600\" height=\"450\" srcset=\"http:\/\/www.ciaobella.fr\/site\/wp-content\/uploads\/2013\/02\/BDJ5RpzCcAElseb.jpg 600w, http:\/\/www.ciaobella.fr\/site\/wp-content\/uploads\/2013\/02\/BDJ5RpzCcAElseb-300x225.jpg 300w\" sizes=\"(max-width: 600px) 100vw, 600px\" \/><\/a><\/p>\n<p>\u00bb <a href=\"http:\/\/www.europe1.fr\/MediaCenter\/Emissions\/On-connait-la-musique-Le-mag\/\" target=\"_blank\">Ecouter l&rsquo;int\u00e9gralit\u00e9 de l&rsquo;\u00e9mission<\/a><br \/>\n\u00bb <a href=\"http:\/\/www.ciaobella.fr\/site\/audio\/\">Revenir \u00e0 la partie audio<\/a><\/p>\n","protected":false},"excerpt":{"rendered":"<p>Avant de faire l&rsquo;objet d&rsquo;un On conna\u00eet la musique du weekend en Mars pour Et puis Juin, Rose \u00e9tait l&rsquo;invit\u00e9e de Thierry Lecamp avec Sylvain Brissot, directeur acoustique de iMusic-School. Morceaux choisis (Rose ayant particip\u00e9 \u00e0 l&rsquo;ensemble de l&rsquo;\u00e9mission elle est intervenue r\u00e9guli\u00e8rement au cours des chroniques de l&rsquo;\u00e9mission qui n&rsquo;ont pas \u00e9t\u00e9 retenues ici) [&hellip;]<\/p>\n","protected":false},"author":3,"featured_media":3627,"comment_status":"open","ping_status":"open","sticky":false,"template":"","format":"standard","meta":[],"categories":[5],"tags":[],"_links":{"self":[{"href":"http:\/\/www.ciaobella.fr\/site\/wp-json\/wp\/v2\/posts\/3625"}],"collection":[{"href":"http:\/\/www.ciaobella.fr\/site\/wp-json\/wp\/v2\/posts"}],"about":[{"href":"http:\/\/www.ciaobella.fr\/site\/wp-json\/wp\/v2\/types\/post"}],"author":[{"embeddable":true,"href":"http:\/\/www.ciaobella.fr\/site\/wp-json\/wp\/v2\/users\/3"}],"replies":[{"embeddable":true,"href":"http:\/\/www.ciaobella.fr\/site\/wp-json\/wp\/v2\/comments?post=3625"}],"version-history":[{"count":3,"href":"http:\/\/www.ciaobella.fr\/site\/wp-json\/wp\/v2\/posts\/3625\/revisions"}],"predecessor-version":[{"id":3629,"href":"http:\/\/www.ciaobella.fr\/site\/wp-json\/wp\/v2\/posts\/3625\/revisions\/3629"}],"wp:featuredmedia":[{"embeddable":true,"href":"http:\/\/www.ciaobella.fr\/site\/wp-json\/wp\/v2\/media\/3627"}],"wp:attachment":[{"href":"http:\/\/www.ciaobella.fr\/site\/wp-json\/wp\/v2\/media?parent=3625"}],"wp:term":[{"taxonomy":"category","embeddable":true,"href":"http:\/\/www.ciaobella.fr\/site\/wp-json\/wp\/v2\/categories?post=3625"},{"taxonomy":"post_tag","embeddable":true,"href":"http:\/\/www.ciaobella.fr\/site\/wp-json\/wp\/v2\/tags?post=3625"}],"curies":[{"name":"wp","href":"https:\/\/api.w.org\/{rel}","templated":true}]}}