{"id":3466,"date":"2013-02-07T18:53:16","date_gmt":"2013-02-07T18:53:16","guid":{"rendered":"http:\/\/www.ciaobella.fr\/site\/?p=3466"},"modified":"2014-01-21T23:28:47","modified_gmt":"2014-01-21T22:28:47","slug":"le-grand-studio-rtl-5","status":"publish","type":"post","link":"http:\/\/www.ciaobella.fr\/site\/2013\/02\/07\/le-grand-studio-rtl-5\/","title":{"rendered":"Le Grand Studio (RTL)"},"content":{"rendered":"<p>Apr\u00e8s son passage en avant-premi\u00e8re en novembre pendant le Grand Studio RTL de Rapha\u00ebl, Eric Jean-Jean a invit\u00e9 Rose \u00e0 faire son Grand Studio.<\/p>\n<h2>VIDEOS<\/h2>\n<p><strong>Et puis Juin<\/strong><br \/>\n<iframe loading=\"lazy\" src=\"http:\/\/www.dailymotion.com\/embed\/video\/xxcpzg\" frameborder=\"0\" width=\"600\" height=\"338\"><\/iframe><\/p>\n<p><strong>Je me manque<\/strong><br \/>\n<iframe loading=\"lazy\" src=\"http:\/\/www.dailymotion.com\/embed\/video\/xxcpzh\" frameborder=\"0\" width=\"600\" height=\"338\"><\/iframe><\/p>\n<p><strong>La liste<\/strong><br \/>\n<iframe loading=\"lazy\" src=\"http:\/\/www.dailymotion.com\/embed\/video\/xxcpzf\" frameborder=\"0\" width=\"600\" height=\"338\"><\/iframe><\/p>\n<h2>AUDIO<\/h2>\n<p><strong>Et puis juin<br \/>\n[audio:http:\/\/ciao.bella.free.fr\/audio_V3\/20130209_rtl_etpuisjuin.mp3|titles=Et puis juin|artists=Rose]\nInterview<br \/>\n[audio:http:\/\/ciao.bella.free.fr\/audio_V3\/20130209_rtl_itw1.mp3|titles=Interview #1|artists=Rose]\nA propos de la r\u00e9alisation de l&rsquo;album<br \/>\n[audio:http:\/\/ciao.bella.free.fr\/audio_V3\/20130209_rtl_itw2.mp3|titles=Interview #2|artists=Rose]\nAux \u00e9clats je ris<br \/>\n[audio:http:\/\/ciao.bella.free.fr\/audio_V3\/20130209_rtl_auxeclats.mp3|titles=Aux \u00e9clats je ris|artists=Rose]\nInterview<br \/>\n[audio:http:\/\/ciao.bella.free.fr\/audio_V3\/20130209_rtl_itw3.mp3|titles=Interview #3|artists=Rose]\nCiao Bella<br \/>\n[audio:http:\/\/ciao.bella.free.fr\/audio_V3\/20130209_rtl_ciaobella.mp3|titles=Ciao Bella|artists=Rose]\nJe me manque<br \/>\n[audio:http:\/\/ciao.bella.free.fr\/audio_V3\/20130209_rtl_jememanque.mp3|titles=Je me manque|artists=Rose]\nInterview<br \/>\n[audio:http:\/\/ciao.bella.free.fr\/audio_V3\/20130209_rtl_itw4.mp3|titles=Interview #4|artists=Rose]\nLa liste<\/strong><br \/>\n[audio:http:\/\/ciao.bella.free.fr\/audio_V3\/20130209_rtl_laliste.mp3|titles=La liste|artists=Rose]\n<h2>CHANSONS JOUEES<\/h2>\n<blockquote><p>Et puis juin<br \/>\nAux \u00e9clats je ris<br \/>\nMais \u00e7a va (non diffus\u00e9e)<br \/>\nCiao Bella<br \/>\nJe me manque<br \/>\nLa liste<\/p><\/blockquote>\n<h2>PHOTOS<\/h2>\n[nggallery id=75]\n(c) <a href=\"https:\/\/twitter.com\/SoDeroulede\/\" target=\"_blank\">Sophie Deroulede (RTL)<\/a><\/p>\n<p>\u00bb <a href=\"http:\/\/www.ciaobella.fr\/site\/audio\/\">Revenir \u00e0 la partie audio<\/a><br \/>\n\u00bb <a title=\"Videos\" href=\"http:\/\/www.ciaobella.fr\/site\/interviews-video-live\/\">Retour \u00e0 la page Vid\u00e9os<\/a><\/p>\n<blockquote class=\"twitter-tweet\" lang=\"fr\">\n<p>Bonne nouvelle !&#10;Premi\u00e8re fois en invit\u00e9e vedette pour le magnifique album album &quot;Et puis juin&quot; <a href=\"http:\/\/t.co\/uO2Y6Irx\">http:\/\/t.co\/uO2Y6Irx<\/a><\/p>\n<p>&mdash; Eric Jean-Jean (@eric_jeanjean) <a href=\"https:\/\/twitter.com\/eric_jeanjean\/statuses\/297788485933363202\">2 F\u00e9vrier 2013<\/a><\/p><\/blockquote>\n<p><script async src=\"\/\/platform.twitter.com\/widgets.js\" charset=\"utf-8\"><\/script><\/p>\n<div id=\"fb-root\"><\/div>\n<p> <script>(function(d, s, id) { var js, fjs = d.getElementsByTagName(s)[0]; if (d.getElementById(id)) return; js = d.createElement(s); js.id = id; js.src = \"\/\/connect.facebook.net\/en_US\/all.js#xfbml=1\"; fjs.parentNode.insertBefore(js, fjs); }(document, 'script', 'facebook-jssdk'));<\/script><\/p>\n<div class=\"fb-post\" data-href=\"https:\/\/www.facebook.com\/permalink.php?story_fbid=207737906034779&amp;id=339868489376783\" data-width=\"466\">\n<div class=\"fb-xfbml-parse-ignore\"><a href=\"https:\/\/www.facebook.com\/permalink.php?story_fbid=207737906034779&amp;id=339868489376783\">Post<\/a> by <a href=\"https:\/\/www.facebook.com\/pages\/Eric-Jean-Jean\/339868489376783\">Eric Jean-Jean<\/a>.<\/div>\n<\/div>\n","protected":false},"excerpt":{"rendered":"<p>Apr\u00e8s son passage en avant-premi\u00e8re en novembre pendant le Grand Studio RTL de Rapha\u00ebl, Eric Jean-Jean a invit\u00e9 Rose \u00e0 faire son Grand Studio. VIDEOS Et puis Juin Je me manque La liste AUDIO Et puis juin [audio:http:\/\/ciao.bella.free.fr\/audio_V3\/20130209_rtl_etpuisjuin.mp3|titles=Et puis juin|artists=Rose] Interview [audio:http:\/\/ciao.bella.free.fr\/audio_V3\/20130209_rtl_itw1.mp3|titles=Interview #1|artists=Rose] A propos de la r\u00e9alisation de l&rsquo;album [audio:http:\/\/ciao.bella.free.fr\/audio_V3\/20130209_rtl_itw2.mp3|titles=Interview #2|artists=Rose] Aux \u00e9clats je [&hellip;]<\/p>\n","protected":false},"author":3,"featured_media":5662,"comment_status":"open","ping_status":"open","sticky":false,"template":"","format":"standard","meta":[],"categories":[5,3],"tags":[],"_links":{"self":[{"href":"http:\/\/www.ciaobella.fr\/site\/wp-json\/wp\/v2\/posts\/3466"}],"collection":[{"href":"http:\/\/www.ciaobella.fr\/site\/wp-json\/wp\/v2\/posts"}],"about":[{"href":"http:\/\/www.ciaobella.fr\/site\/wp-json\/wp\/v2\/types\/post"}],"author":[{"embeddable":true,"href":"http:\/\/www.ciaobella.fr\/site\/wp-json\/wp\/v2\/users\/3"}],"replies":[{"embeddable":true,"href":"http:\/\/www.ciaobella.fr\/site\/wp-json\/wp\/v2\/comments?post=3466"}],"version-history":[{"count":24,"href":"http:\/\/www.ciaobella.fr\/site\/wp-json\/wp\/v2\/posts\/3466\/revisions"}],"predecessor-version":[{"id":5663,"href":"http:\/\/www.ciaobella.fr\/site\/wp-json\/wp\/v2\/posts\/3466\/revisions\/5663"}],"wp:featuredmedia":[{"embeddable":true,"href":"http:\/\/www.ciaobella.fr\/site\/wp-json\/wp\/v2\/media\/5662"}],"wp:attachment":[{"href":"http:\/\/www.ciaobella.fr\/site\/wp-json\/wp\/v2\/media?parent=3466"}],"wp:term":[{"taxonomy":"category","embeddable":true,"href":"http:\/\/www.ciaobella.fr\/site\/wp-json\/wp\/v2\/categories?post=3466"},{"taxonomy":"post_tag","embeddable":true,"href":"http:\/\/www.ciaobella.fr\/site\/wp-json\/wp\/v2\/tags?post=3466"}],"curies":[{"name":"wp","href":"https:\/\/api.w.org\/{rel}","templated":true}]}}