{"id":2775,"date":"2012-06-30T10:00:10","date_gmt":"2012-06-30T10:00:10","guid":{"rendered":"http:\/\/www.ciaobella.fr\/site\/?p=2775"},"modified":"2018-04-28T07:39:37","modified_gmt":"2018-04-28T06:39:37","slug":"fnac-bercy-village","status":"publish","type":"post","link":"http:\/\/www.ciaobella.fr\/site\/2012\/06\/30\/fnac-bercy-village\/","title":{"rendered":"Fnac Bercy Village"},"content":{"rendered":"<h2>AFFICHE<\/h2>\n<p><a href=\"http:\/\/www.ciaobella.fr\/site\/wp-content\/uploads\/2012\/06\/rose_fnac_bercy_30062012.jpg\"><img loading=\"lazy\" class=\"alignleft size-medium wp-image-2787\" title=\"rose_fnac_bercy_30062012\" src=\"http:\/\/www.ciaobella.fr\/site\/wp-content\/uploads\/2012\/06\/rose_fnac_bercy_30062012-300x175.jpg\" alt=\"\" width=\"300\" height=\"175\" srcset=\"http:\/\/www.ciaobella.fr\/site\/wp-content\/uploads\/2012\/06\/rose_fnac_bercy_30062012-300x175.jpg 300w, http:\/\/www.ciaobella.fr\/site\/wp-content\/uploads\/2012\/06\/rose_fnac_bercy_30062012-600x351.jpg 600w, http:\/\/www.ciaobella.fr\/site\/wp-content\/uploads\/2012\/06\/rose_fnac_bercy_30062012.jpg 1000w\" sizes=\"(max-width: 300px) 100vw, 300px\" \/><\/a><\/p>\n<h2>PHOTOS<\/h2>\n[nggallery id=68]\n<p>Et quelques photos des balances <a href=\"http:\/\/www.fnac.com\/La-Fnac-Bercy-Village-remercie-Rose-Mai-Lan-Rachida-Brakni-Daby-Toure-et-Lek-Sen\/cp17841\/w-4\" target=\"_blank\">(c) Fnac.com<\/a><br \/>\n[nggallery id=69]\n<h2>INTERVIEW par BERTRAND DICALE<\/h2>\n[audio:http:\/\/ciao.bella.free.fr\/audio_V3\/20120630_itw_fnac_bercy.MP3|titles=Interview Fnac|artists=Rose]\n<h2>SETLIST + VIDEOS<\/h2>\n<blockquote><p><a href=\"http:\/\/www.youtube.com\/watch?v=Ado16Gfg5s8\">On dit<\/a><br \/>\n<a href=\"http:\/\/www.youtube.com\/watch?v=A2AZOVnEdsE\">Aux \u00e9clats, je ris<\/a><br \/>\n<a href=\"http:\/\/youtu.be\/pi2v-xala9I\">Et puis juin<\/a><br \/>\n<a href=\"http:\/\/youtu.be\/4M9r1BMPFgc\">Mais \u00e7a va<\/a><br \/>\n<a href=\"http:\/\/www.youtube.com\/watch?v=1boszbFaJw4\">Ciao Bella<\/a><\/p><\/blockquote>\n<p style=\"text-align:center;\"><object width=\"560\" height=\"315\"><param name=\"movie\" value=\"http:\/\/www.youtube.com\/v\/pi2v-xala9I?version=3&amp;hl=fr_FR\"><\/param><param name=\"allowFullScreen\" value=\"true\"><\/param><param name=\"allowscriptaccess\" value=\"always\"><\/param><embed src=\"http:\/\/www.youtube.com\/v\/pi2v-xala9I?version=3&amp;hl=fr_FR\" type=\"application\/x-shockwave-flash\" width=\"560\" height=\"315\" allowscriptaccess=\"always\" allowfullscreen=\"true\"><\/embed><\/object><\/p>\n<h2>ANECDOTES<\/h2>\n<p>&#8211; C&rsquo;\u00e9tait la toute premi\u00e8re pr\u00e9sentation des chansons du troisi\u00e8me album.<br \/>\n&#8211; \u00ab\u00a0Aux \u00e9clats je ris\u00a0\u00bb a \u00e9t\u00e9 pr\u00e9sent\u00e9e comme n&rsquo;ayant pas encore de nom dans le feu de l&rsquo;action, mais elle en a bien un \ud83d\ude09<\/p>\n<h2>SUR LE WEB<\/h2>\n<blockquote class=\"twitter-tweet\" data-lang=\"fr\">\n<p lang=\"fr\" dir=\"ltr\">Demain demain demain. <a href=\"https:\/\/twitter.com\/hashtag\/hate?src=hash&amp;ref_src=twsrc%5Etfw\">#hate<\/a> <a href=\"https:\/\/twitter.com\/hashtag\/trepignement?src=hash&amp;ref_src=twsrc%5Etfw\">#trepignement<\/a> <a href=\"https:\/\/twitter.com\/hashtag\/impatience?src=hash&amp;ref_src=twsrc%5Etfw\">#impatience<\/a> <a href=\"http:\/\/t.co\/VuzCkKxD\">pic.twitter.com\/VuzCkKxD<\/a><\/p>\n<p>&mdash; CiaoBella.fr (@ciaobella_fr) <a href=\"https:\/\/twitter.com\/ciaobella_fr\/status\/218640219589713921?ref_src=twsrc%5Etfw\">29 juin 2012<\/a><\/p><\/blockquote>\n<p><script async src=\"https:\/\/platform.twitter.com\/widgets.js\" charset=\"utf-8\"><\/script><\/p>\n<blockquote class=\"twitter-tweet\" data-lang=\"fr\">\n<p lang=\"fr\" dir=\"ltr\">Une heure avant le show case <a href=\"https:\/\/twitter.com\/hashtag\/fnacbercyvillage?src=hash&amp;ref_src=twsrc%5Etfw\">#fnacbercyvillage<\/a> <a href=\"http:\/\/t.co\/t34AiMIE\">pic.twitter.com\/t34AiMIE<\/a><\/p>\n<p>&mdash; Rose (@rosekeren) <a href=\"https:\/\/twitter.com\/rosekeren\/status\/219055118878912514?ref_src=twsrc%5Etfw\">30 juin 2012<\/a><\/p><\/blockquote>\n<p><script async src=\"https:\/\/platform.twitter.com\/widgets.js\" charset=\"utf-8\"><\/script><\/p>\n<blockquote class=\"twitter-tweet\" data-lang=\"fr\">\n<p lang=\"fr\" dir=\"ltr\">Show case fnac de <a href=\"https:\/\/twitter.com\/rosekeren?ref_src=twsrc%5Etfw\">@rosekeren<\/a> \u00e0 Bercy village <a href=\"https:\/\/twitter.com\/hashtag\/nouvelalbum?src=hash&amp;ref_src=twsrc%5Etfw\">#nouvelalbum<\/a> <a href=\"https:\/\/twitter.com\/hashtag\/impatiente?src=hash&amp;ref_src=twsrc%5Etfw\">#impatiente<\/a> <a href=\"https:\/\/twitter.com\/hashtag\/jegardesolalou?src=hash&amp;ref_src=twsrc%5Etfw\">#jegardesolalou<\/a><\/p>\n<p>&mdash; johanna bisac (@johannabi) <a href=\"https:\/\/twitter.com\/johannabi\/status\/219048255416311808?ref_src=twsrc%5Etfw\">30 juin 2012<\/a><\/p><\/blockquote>\n<p><script async src=\"https:\/\/platform.twitter.com\/widgets.js\" charset=\"utf-8\"><\/script><\/p>\n<blockquote class=\"twitter-tweet\" data-lang=\"fr\">\n<p lang=\"fr\" dir=\"ltr\">C&#39;est parti! <a href=\"https:\/\/twitter.com\/hashtag\/oupas?src=hash&amp;ref_src=twsrc%5Etfw\">#oupas<\/a> <a href=\"https:\/\/twitter.com\/hashtag\/30minutesderetard?src=hash&amp;ref_src=twsrc%5Etfw\">#30minutesderetard<\/a> <a href=\"https:\/\/twitter.com\/hashtag\/fnac?src=hash&amp;ref_src=twsrc%5Etfw\">#fnac<\/a> <a href=\"http:\/\/t.co\/nqYQr7VP\">http:\/\/t.co\/nqYQr7VP<\/a><\/p>\n<p>&mdash; CiaoBella.fr (@ciaobella_fr) <a href=\"https:\/\/twitter.com\/ciaobella_fr\/status\/219061273474764800?ref_src=twsrc%5Etfw\">30 juin 2012<\/a><\/p><\/blockquote>\n<p><script async src=\"https:\/\/platform.twitter.com\/widgets.js\" charset=\"utf-8\"><\/script><br \/>\n<iframe loading=\"lazy\" title=\"Rose - On dit @ Fnac Bercy-Village\" width=\"696\" height=\"392\" src=\"https:\/\/www.youtube.com\/embed\/Ado16Gfg5s8?feature=oembed\" frameborder=\"0\" allow=\"accelerometer; autoplay; clipboard-write; encrypted-media; gyroscope; picture-in-picture\" allowfullscreen><\/iframe><\/p>\n<blockquote class=\"twitter-tweet\" data-lang=\"fr\">\n<p lang=\"und\" dir=\"ltr\"><a href=\"https:\/\/twitter.com\/rosekeren?ref_src=twsrc%5Etfw\">@rosekeren<\/a> <a href=\"https:\/\/twitter.com\/hashtag\/fnacbercyvillage?src=hash&amp;ref_src=twsrc%5Etfw\">#fnacbercyvillage<\/a> <a href=\"http:\/\/t.co\/PEwt07UZ\">pic.twitter.com\/PEwt07UZ<\/a><\/p>\n<p>&mdash; L@urent59Millle (@Laurent59Mille) <a href=\"https:\/\/twitter.com\/Laurent59Mille\/status\/219096974954205184?ref_src=twsrc%5Etfw\">30 juin 2012<\/a><\/p><\/blockquote>\n<p><script async src=\"https:\/\/platform.twitter.com\/widgets.js\" charset=\"utf-8\"><\/script><br \/>\n<iframe loading=\"lazy\" title=\"Rose - Aux \u00e9clats je ris @ Fnac Bercy-Village\" width=\"696\" height=\"392\" src=\"https:\/\/www.youtube.com\/embed\/A2AZOVnEdsE?feature=oembed\" frameborder=\"0\" allow=\"accelerometer; autoplay; clipboard-write; encrypted-media; gyroscope; picture-in-picture\" allowfullscreen><\/iframe><br \/>\n<iframe loading=\"lazy\" title=\"Rose - Et puis juin @ Fnac Bercy-Village\" width=\"696\" height=\"392\" src=\"https:\/\/www.youtube.com\/embed\/pi2v-xala9I?feature=oembed\" frameborder=\"0\" allow=\"accelerometer; autoplay; clipboard-write; encrypted-media; gyroscope; picture-in-picture\" allowfullscreen><\/iframe><\/p>\n<blockquote class=\"twitter-tweet\" data-lang=\"fr\">\n<p lang=\"fr\" dir=\"ltr\">\u266b On en est l\u00e0, la fatigue aux yeux, qu&#39;est-ce qu&#39;on peut bien faire de mieux? \u266b L&#39;album va \u00eatre beau beau beau ! <a href=\"http:\/\/t.co\/5FvsYJ3m\">http:\/\/t.co\/5FvsYJ3m<\/a><\/p>\n<p>&mdash; Jac A. (@yakouu) <a href=\"https:\/\/twitter.com\/yakouu\/status\/219100303956520962?ref_src=twsrc%5Etfw\">30 juin 2012<\/a><\/p><\/blockquote>\n<p><script async src=\"https:\/\/platform.twitter.com\/widgets.js\" charset=\"utf-8\"><\/script><br \/>\n<iframe loading=\"lazy\" title=\"Rose - Mais \u00e7a va @ Fnac Bercy-Village\" width=\"696\" height=\"392\" src=\"https:\/\/www.youtube.com\/embed\/4M9r1BMPFgc?feature=oembed\" frameborder=\"0\" allow=\"accelerometer; autoplay; clipboard-write; encrypted-media; gyroscope; picture-in-picture\" allowfullscreen><\/iframe><br \/>\n<iframe loading=\"lazy\" title=\"Rose - Ciao Bella @ Fnac Bercy-Village\" width=\"696\" height=\"392\" src=\"https:\/\/www.youtube.com\/embed\/1boszbFaJw4?feature=oembed\" frameborder=\"0\" allow=\"accelerometer; autoplay; clipboard-write; encrypted-media; gyroscope; picture-in-picture\" allowfullscreen><\/iframe><\/p>\n<blockquote class=\"twitter-tweet\" data-lang=\"fr\">\n<p lang=\"fr\" dir=\"ltr\">On a rat\u00e9 le &quot;maintenant\/maintenant\/maintenant&quot; parce que c&#39;\u00e9tait bien bien bien.  <a href=\"http:\/\/t.co\/P5RPP84i\">http:\/\/t.co\/P5RPP84i<\/a><\/p>\n<p>&mdash; CiaoBella.fr (@ciaobella_fr) <a href=\"https:\/\/twitter.com\/ciaobella_fr\/status\/219095703107014656?ref_src=twsrc%5Etfw\">30 juin 2012<\/a><\/p><\/blockquote>\n<p><script async src=\"https:\/\/platform.twitter.com\/widgets.js\" charset=\"utf-8\"><\/script><br \/>\nhttps:\/\/www.fnac.com\/La-Fnac-Bercy-Village-remercie-Rose-Mai-Lan-Rachida-Brakni-Daby-Toure-et-Lek-Sen\/cp17841\/w-4<\/p>\n<blockquote class=\"twitter-tweet\" data-lang=\"fr\">\n<p lang=\"fr\" dir=\"ltr\"><a href=\"https:\/\/twitter.com\/rosekeren?ref_src=twsrc%5Etfw\">@rosekeren<\/a> J&#39;ai pu d\u00e9couvrir &quot;Et puis Juin&quot;&#8230;. du coup elle passe en boucle !<\/p>\n<p>&mdash; Marine. (@Marine56_) <a href=\"https:\/\/twitter.com\/Marine56_\/status\/219122812365967360?ref_src=twsrc%5Etfw\">30 juin 2012<\/a><\/p><\/blockquote>\n<p><script async src=\"https:\/\/platform.twitter.com\/widgets.js\" charset=\"utf-8\"><\/script><\/p>\n<blockquote class=\"twitter-tweet\" data-lang=\"fr\">\n<p lang=\"fr\" dir=\"ltr\"><a href=\"https:\/\/twitter.com\/rosekeren?ref_src=twsrc%5Etfw\">@rosekeren<\/a> et puis juin, \u00e7a va&#8230;.2 titres qui donnent envie d&#39;\u00e9couter la suite.<\/p>\n<p>&mdash; mam (@mam33600) <a href=\"https:\/\/twitter.com\/mam33600\/status\/219147349337972736?ref_src=twsrc%5Etfw\">30 juin 2012<\/a><\/p><\/blockquote>\n<p><script async src=\"https:\/\/platform.twitter.com\/widgets.js\" charset=\"utf-8\"><\/script><\/p>\n<p>&#8212;<\/p>\n<p>\u00bb <a href=\"http:\/\/www.ciaobella.fr\/site\/concerts\/\">Retour en page CONCERTS<\/a><\/p>\n","protected":false},"excerpt":{"rendered":"<p>AFFICHE PHOTOS [nggallery id=68] Et quelques photos des balances (c) Fnac.com [nggallery id=69] INTERVIEW par BERTRAND DICALE [audio:http:\/\/ciao.bella.free.fr\/audio_V3\/20120630_itw_fnac_bercy.MP3|titles=Interview Fnac|artists=Rose] SETLIST + VIDEOS On dit Aux \u00e9clats, je ris Et puis juin Mais \u00e7a va Ciao Bella ANECDOTES &#8211; C&rsquo;\u00e9tait la toute premi\u00e8re pr\u00e9sentation des chansons du troisi\u00e8me album. &#8211; \u00ab\u00a0Aux \u00e9clats je ris\u00a0\u00bb a \u00e9t\u00e9 [&hellip;]<\/p>\n","protected":false},"author":2,"featured_media":2809,"comment_status":"open","ping_status":"open","sticky":false,"template":"","format":"standard","meta":[],"categories":[4],"tags":[],"_links":{"self":[{"href":"http:\/\/www.ciaobella.fr\/site\/wp-json\/wp\/v2\/posts\/2775"}],"collection":[{"href":"http:\/\/www.ciaobella.fr\/site\/wp-json\/wp\/v2\/posts"}],"about":[{"href":"http:\/\/www.ciaobella.fr\/site\/wp-json\/wp\/v2\/types\/post"}],"author":[{"embeddable":true,"href":"http:\/\/www.ciaobella.fr\/site\/wp-json\/wp\/v2\/users\/2"}],"replies":[{"embeddable":true,"href":"http:\/\/www.ciaobella.fr\/site\/wp-json\/wp\/v2\/comments?post=2775"}],"version-history":[{"count":29,"href":"http:\/\/www.ciaobella.fr\/site\/wp-json\/wp\/v2\/posts\/2775\/revisions"}],"predecessor-version":[{"id":8350,"href":"http:\/\/www.ciaobella.fr\/site\/wp-json\/wp\/v2\/posts\/2775\/revisions\/8350"}],"wp:featuredmedia":[{"embeddable":true,"href":"http:\/\/www.ciaobella.fr\/site\/wp-json\/wp\/v2\/media\/2809"}],"wp:attachment":[{"href":"http:\/\/www.ciaobella.fr\/site\/wp-json\/wp\/v2\/media?parent=2775"}],"wp:term":[{"taxonomy":"category","embeddable":true,"href":"http:\/\/www.ciaobella.fr\/site\/wp-json\/wp\/v2\/categories?post=2775"},{"taxonomy":"post_tag","embeddable":true,"href":"http:\/\/www.ciaobella.fr\/site\/wp-json\/wp\/v2\/tags?post=2775"}],"curies":[{"name":"wp","href":"https:\/\/api.w.org\/{rel}","templated":true}]}}