{"id":2487,"date":"2009-10-13T22:32:21","date_gmt":"2009-10-13T22:32:21","guid":{"rendered":"http:\/\/www.ciaobella.fr\/site\/?p=2487"},"modified":"2012-02-23T22:42:34","modified_gmt":"2012-02-23T22:42:34","slug":"interview-femina-fr","status":"publish","type":"post","link":"http:\/\/www.ciaobella.fr\/site\/2009\/10\/13\/interview-femina-fr\/","title":{"rendered":"Interview (Femina.fr)"},"content":{"rendered":"<p><strong>Rose : \u00ab\u00a0Les souvenirs sous ma frange\u00a0\u00bb, son nouvel album <\/strong><\/p>\n<p><em>Si sur son nouvel album, \u00ab\u00a0Les souvenirs sous ma frange\u00a0\u00bb, Rose semble penser \u00ab\u00a0avec le temps va tout s&rsquo;en va\u00a0\u00bb, une chose est s\u00fbre, Rose on n&rsquo;est pas pr\u00eats de la laisser s&rsquo;en aller.<br \/>\n<\/em><\/p>\n<blockquote><p><em><strong>Vous revenez trois ans apr\u00e8s votre premier album. C\u2019\u00e9tait important pour vous de prendre votre temps ? Par ailleurs, \u00ab\u00a0De ma fen\u00eatre\u00a0\u00bb m\u2019a sembl\u00e9 exprimer tr\u00e8s bien cet entre deux entre vos albums. Est-ce le cas ?<\/strong><\/em><\/p>\n<p>Rose : Exactement. Pour autant je n\u2019ai pas l\u2019impression d\u2019avoir pris mon temps entre les albums. J\u2019\u00e9tais en tourn\u00e9e jusqu\u2019en ao\u00fbt de l\u2019ann\u00e9e derni\u00e8re. Et en septembre j\u2019ai commenc\u00e9 \u00e0 \u00e9crire. C\u2019est l\u00e0 que j\u2019ai \u00e9cris \u00ab\u00a0De ma fen\u00eatre\u00a0\u00bb. On regarde les gens qui vont qui viennent avec leur mal \u00eatre. Tout le monde a des choses \u00e0 faire et moi je savais juste que j\u2019\u00e9tais l\u00e0 et que je devais \u00e9crire cet album. \u00c7a ne m\u2019\u00e9tait jamais arriv\u00e9. C\u2019\u00e9tait une p\u00e9riode un peu difficile. Car pour le premier album quand j\u2019ai eu la chance qu\u2019on me signe, j\u2019avais d\u00e9j\u00e0 \u00e9crit des chansons et j\u2019ai \u00e9crit les autres dans cette euphorie. L\u00e0 c\u2019\u00e9tait diff\u00e9rent. J\u2019ai eu besoin de me mettre dans une ambiance de travail : j\u2019ai achet\u00e9 une guitare \u00e9lectrique et j\u2019ai pris des cours.<\/p>\n<p><em>\u00ab\u00a0Chez moi\u00a0\u00bb est l\u2019une des chansons les plus \u00e9mouvantes de l\u2019album. Elle donne aussi le ton de l\u2019album, un album une nouvelle fois tr\u00e8s personnel.<br \/>\n<\/em><br \/>\nRose : C\u2019est vrai que cet album parle pas mal de moi, o\u00f9 j\u2019en suis, qui m\u2019entoure, qui m\u2019a sauv\u00e9 la vie. Avec \u00ab\u00a0Chez moi\u00a0\u00bb je voulais pr\u00e9senter les protagonistes du disque. Avec la premi\u00e8re chanson de l\u2019album \u00ab\u00a0Comment c\u2019\u00e9tait d\u00e9j\u00e0\u00a0\u00bb je plante le d\u00e9cor. Gr\u00e2ce \u00e0 ces deux chansons, tout de suite on s\u2019imagine dans quelle atmosph\u00e8re j\u2019ai pu vivre. Une fois que j\u2019ai install\u00e9 le d\u00e9cor et les personnages on comprend par exemple beaucoup mieux ce qui peut se passer \u00ab\u00a0De ma fen\u00eatre\u00a0\u00bb\u2026<\/p>\n<p><em>J\u2019ai lu dans une interview que votre nouvel album serait plus positif. Est-ce que c\u2019est pour \u00e7a que vous avez choisi \u00ab\u00a0Yes we did\u00a0\u00bb pour le premier single ? C\u2019est l\u2019esprit que vous avez envie qu\u2019on retienne de l\u2019album ?<br \/>\n<\/em><br \/>\nRose : On a choisi le morceau le plus positif mais \u00e7a n\u2019est pas forc\u00e9ment mon pr\u00e9f\u00e9r\u00e9. J\u2019esp\u00e8re qu\u2019il donne envie d\u2019\u00e9couter autre chose. C\u2019est un petit bilan qui a l\u2019air l\u00e9ger et neutre comme \u00e7a tout en faisant allusion \u00e0 mon bilan \u00e0 moi, \u00e0 ma vie. Il n\u2019est pas si gai que \u00e7a finalement.<\/p>\n<p><em>Votre album parle beaucoup d\u2019enfance, comme dans \u00ab\u00a0Comment c\u2019\u00e9tait d\u00e9j\u00e0\u00a0\u00bb ou \u00ab\u00a0J\u2019ai 18 ans\u00a0\u00bb. Vous dites que vous n\u2019avez pas le cran d\u2019\u00eatre grande. Et pourtant pour \u00e9crire nombre de vos paroles il faut avoir du cran.<br \/>\n<\/em><br \/>\nRose : Je n\u2019ai rien \u00e0 ajouter ! Ce n\u2019est pas la m\u00eame chose d\u2019\u00e9crire des choses, de sentir qu\u2019on a l\u2019\u00e2ge d\u2019\u00eatre grand que de l\u2019\u00eatre vraiment. Quand je regarde mon premier album pour moi c\u2019est un album d\u2019enfant ne serait-ce que par la fa\u00e7on dont je l\u2019ai \u00e9crit. Je l\u2019affectionne particuli\u00e8rement parce qu\u2019il m\u2019a permis d\u2019\u00eatre l\u00e0 o\u00f9 je suis aujourd\u2019hui mais je trouve qu\u2019il y a beaucoup de jeux de mots pour dire \u00ab je sais \u00e9crire \u00bb. Ici j\u2019ai essay\u00e9 d\u2019en faire moins. Dire des choses vraies c\u2019est plus difficile. Donc je sais que je suis plus grande. Je me sens d\u2019ailleurs beaucoup plus m\u00fbre qu\u2019il y a trois ans. Je sais qu\u2019il y a des choses qu\u2019on doit faire d\u2019autre qu\u2019on ne doit pas faire, mais je ne me sens pas encore pr\u00eate. C\u2019est peut-\u00eatre ce qui permet d\u2019\u00e9crire toujours des chansons\u2026 Mais c\u2019est aussi \u00e7a le probl\u00e8me !<\/p>\n<p><em>\u00ab\u00a0Ne partez pas\u00a0\u00bb marque un tournant musicalement dans l\u2019album. Lors de votre premier album vous expliquiez ne pas oser chanter avec beaucoup d\u2019instruments, \u00e7a a visiblement chang\u00e9. Vous semblez avoir davantage confiance vocalement.<br \/>\n<\/em><br \/>\nRose : \u00ab\u00a0Comment c\u2019\u00e9tait d\u00e9j\u00e0\u00a0\u00bb et \u00ab\u00a0Ne partez pas\u00a0\u00bb c\u2019est deux chansons dont je suis tr\u00e8s fi\u00e8re musicalement. J\u2019avais envie de quelque chose de tr\u00e8s pop dans le bon sens du terme avec beaucoup d\u2019arrangements, des cordes, des cuivres. \u00ab\u00a0Ne partez\u00a0\u00bb pas c\u2019est un vrai morceau pop, ternaire, avec des ch\u0153urs. Il marque un vrai tournant musical. On n\u2019est plus du tout dans la folk country. C\u2019est gr\u00e2ce notamment aux r\u00e9alisateurs de ce disque, le groupe 1973. Ils font ce genre de morceaux qui s\u2019envolent. C\u2019est pour \u00e7a que je les ai choisis. Les phrases n\u2019ont jamais autant pris de sens que quand ils ont mis les instruments dessus. La musique sert vraiment le texte notamment dans cette chanson. \u00c7a fait mal au bide.<\/p>\n<p><em>\u00ab\u00a0Quitte moi\u00a0\u00bb, il fallait oser ! On pourrait dire que c\u2019est le nouveau \u00ab\u00a0Ne me quitte pas\u00a0\u00bb.<br \/>\n<\/em><br \/>\nRose : Le r\u00eave de tout artiste c\u2019est d\u2019avoir \u00e9crit une chanson comme \u00ab\u00a0Ne me quitte pas\u00a0\u00bb. Alors faute de pouvoir le faire on en rigole et on fait \u00ab\u00a0Quitte moi\u00a0\u00bb. Ce qui est dr\u00f4le c\u2019est que la chanson s\u2019est finalement av\u00e9r\u00e9e pr\u00e9monitoire\u2026<\/p>\n<p><em>Si votre album parle d\u2019enfance il parle aussi de la peur de vieillir, comme \u00ab\u00a0Qui peut dire\u00a0\u00bb ?<br \/>\n<\/em><br \/>\nRose : C\u2019est vrai que sans faire expr\u00e8s je ne parle que du temps. C\u2019est un album tr\u00e8s nostalgique, m\u00e9lancolique. \u00c7a fait un an que je suis enferm\u00e9e chez moi avec cet album, \u00e7a n\u2019a pas aid\u00e9 \u00e0 ce que j\u2019aille mieux j\u2019imagine. Tant que j\u2019avais l\u2019album entre mes mains je ne savais pas ce qu\u2019il valait. Il fallait que je le montre aux autres, au public. L\u00e0 \u00e7a commence, le fait d\u2019en parler, de faire des showcases on comment \u00e0 avoir des retours. \u00c7a fait du bien. La peur du temps, je ne sais pas pourquoi elle est l\u00e0. Avant j\u2019\u00e9tais une fille du pr\u00e9sent, je ne regardais jamais derri\u00e8re, jamais devant. Je faisais des conneries en me disant \u00ab je m\u2019en fous, on verra demain \u00bb. Le fait de devoir s\u2019arr\u00eater sur un album, j\u2019ai creus\u00e9, je suis all\u00e9e loin derri\u00e8re et j\u2019ai vu loin devant. Je n\u2019ai pas aim\u00e9 ce que j\u2019ai vu devant mais j\u2019ai bien aim\u00e9 ce que j\u2019ai vu derri\u00e8re, c\u2019est d\u00e9j\u00e0 \u00e7a. On se raccroche \u00e0 ce qui compte \u00e0 ce moment l\u00e0, la famille, les amis, les souvenirs. Mais la chanson \u00ab\u00a0Qui peut dire\u00a0\u00bb n\u2019est pas forc\u00e9ment une r\u00e9alit\u00e9. Je suis s\u00fbre que \u00e7a peut \u00eatre tr\u00e8s beau de vieillir aussi.<\/p>\n<p><em>Vous \u00e9crivez avec beaucoup de justesse. Avez-vous d\u00e9j\u00e0 eu envie d\u2019\u00e9crire autrement qu\u2019en chansons ?<br \/>\n<\/em><br \/>\nRose : Je n\u2019y arrive pas. M\u00eame quand j\u2019\u00e9cris en \u00e9criture automatique j\u2019\u00e9cris pratiquement tout le temps en rimes. M\u00eame mes journaux intimes quand j\u2019\u00e9tais petite \u00e9taient \u00e9crits en rimes. J\u2019aime cette forme-l\u00e0, \u00e7a encadre l\u2019\u00e9criture dans quelque chose qui fait que j\u2019y arrive. Si on me laisse un champ libre pour l\u2019instant je n\u2019y arrive pas du tout. Quelque chose comme \u00ab\u00a0La lettre\u00a0\u00bb de Renan Luce j\u2019en suis incapable par exemple.<\/p>\n<p><em>Lors de votre premi\u00e8re tourn\u00e9e vous avez offert de belles reprises, de Janis Joplin notamment. Vous avez de nouvelles envies pour la sc\u00e8ne cette fois-ci ?<br \/>\n<\/em><br \/>\nRose : J\u2019ai surtout envie d\u2019\u00e9crire pour les amis. On commence \u00e0 me demander enfin, et moi, c\u2019est quelque chose qui me dit vraiment d\u2019\u00e9crire pour les autres. Les reprises j\u2019en joue des cinquantaines mais finalement j\u2019ai maintenant beaucoup \u00e0 faire avec mes deux albums sur sc\u00e8ne. Entre cet album-l\u00e0 dont j\u2019ai presque tout envie de jouer et certaines du premier qui viendront s\u2019ins\u00e9rer. Comme \u00ab\u00a0Julien\u00a0\u00bb ou \u00ab\u00a0L\u2019acide\u00a0\u00bb que je pr\u00e9f\u00e8re aujourd\u2019hui a des trucs plus l\u00e9gers et zen, comme \u00ab\u00a0Rose\u00a0\u00bb. Je n\u2019ai plus trop envie de trucs jazzy.<\/p>\n<p><em>Vous avez des fans tout particuli\u00e8rement fid\u00e8les et qui attendent votre nouvel album avec impatience. \u00c7a vous rassure ?<br \/>\n<\/em><br \/>\nRose : \u00c7a fait peur aussi, la peur de d\u00e9cevoir je l\u2019ai au fond de moi, pour tout dans la vie, vis \u00e0 vis de ses parents, de l\u2019homme qu\u2019on aime ou des fans aussi. Les fans ne sont pas toujours au rendez-vous au deuxi\u00e8me album. J\u2019ai la chance d\u2019avoir un petit noyau dur mais pour moi rien n\u2019est acquis. Les fans il faut les chouchouter. Nous aussi on cr\u00e9e un lien avec eux.<\/p>\n<p><em>Votre premier album se terminait par la chanson \u00ab\u00a0Je ne sais plus\u00a0\u00bb. Aujourd\u2019hui vous semblez savoir davantage sans pour autant avoir perdu vos doutes. Est-ce que vous pensez que pour \u00eatre artiste il faut avoir cette faille-l\u00e0 ?<br \/>\n<\/em><br \/>\nRose : Avant ce chamboulement dans ma vie sentimentale je me suis rendue compte que je pouvais \u00e9crire m\u00eame heureuse, parce qu\u2019au fond on n\u2019est jamais compl\u00e8tement heureux. Je me nourrissais de peurs, de craintes, la peur de perdre les gens qu\u2019on aime. Tout le monde pense que j\u2019ai encore \u00e9crit cet album sous l\u2019emprise de tristesse et de m\u00e9lancolie alors que j\u2019ai \u00e9crit la moiti\u00e9 de l\u2019album dans un moment o\u00f9 tout allait pour le mieux. Il y a deux vagues de chansons et je les reconnais. Mais je crois que je pr\u00e9f\u00e8re celles d\u2019apr\u00e8s car il n\u2019y a pas besoin de chercher, de plonger. \u00c7a grouille, il faut que \u00e7a sorte et finalement il n\u2019y a pas plus vrai. Mais quand je le r\u00e9\u00e9coute aujourd\u2019hui je me dis quand m\u00eame que j\u2019ai du avoir une ann\u00e9e pas terrible. Parce que l\u00e0, \u00e7a va. Je ne suis pas du tout quelqu\u2019un de neurasth\u00e9nique, je me marre, je fais la f\u00eate. Du coup, cet album il me chamboule moi-m\u00eame car je me rends compte dans quelle douleur j\u2019\u00e9tais cet hiver.<\/p><\/blockquote>\n<p><em>Propos recueillis par Isabella Monnier Leland <\/em><\/p>\n<p>\u00bb\u00a0<a href=\"http:\/\/www.ciaobella.fr\/forum\/viewtopic.php?t=554\">On en parle sur le forum<\/a><br \/>\n\u00bb\u00a0<a href=\"http:\/\/www.ciaobella.fr\/site\/web\/\">Retour \u00e0 la page WEB<\/a><\/p>\n","protected":false},"excerpt":{"rendered":"<p>Rose : \u00ab\u00a0Les souvenirs sous ma frange\u00a0\u00bb, son nouvel album Si sur son nouvel album, \u00ab\u00a0Les souvenirs sous ma frange\u00a0\u00bb, Rose semble penser \u00ab\u00a0avec le temps va tout s&rsquo;en va\u00a0\u00bb, une chose est s\u00fbre, Rose on n&rsquo;est pas pr\u00eats de la laisser s&rsquo;en aller. Vous revenez trois ans apr\u00e8s votre premier album. C\u2019\u00e9tait important pour [&hellip;]<\/p>\n","protected":false},"author":3,"featured_media":0,"comment_status":"open","ping_status":"open","sticky":false,"template":"","format":"standard","meta":[],"categories":[9],"tags":[],"_links":{"self":[{"href":"http:\/\/www.ciaobella.fr\/site\/wp-json\/wp\/v2\/posts\/2487"}],"collection":[{"href":"http:\/\/www.ciaobella.fr\/site\/wp-json\/wp\/v2\/posts"}],"about":[{"href":"http:\/\/www.ciaobella.fr\/site\/wp-json\/wp\/v2\/types\/post"}],"author":[{"embeddable":true,"href":"http:\/\/www.ciaobella.fr\/site\/wp-json\/wp\/v2\/users\/3"}],"replies":[{"embeddable":true,"href":"http:\/\/www.ciaobella.fr\/site\/wp-json\/wp\/v2\/comments?post=2487"}],"version-history":[{"count":3,"href":"http:\/\/www.ciaobella.fr\/site\/wp-json\/wp\/v2\/posts\/2487\/revisions"}],"predecessor-version":[{"id":2489,"href":"http:\/\/www.ciaobella.fr\/site\/wp-json\/wp\/v2\/posts\/2487\/revisions\/2489"}],"wp:attachment":[{"href":"http:\/\/www.ciaobella.fr\/site\/wp-json\/wp\/v2\/media?parent=2487"}],"wp:term":[{"taxonomy":"category","embeddable":true,"href":"http:\/\/www.ciaobella.fr\/site\/wp-json\/wp\/v2\/categories?post=2487"},{"taxonomy":"post_tag","embeddable":true,"href":"http:\/\/www.ciaobella.fr\/site\/wp-json\/wp\/v2\/tags?post=2487"}],"curies":[{"name":"wp","href":"https:\/\/api.w.org\/{rel}","templated":true}]}}