{"id":2280,"date":"2007-10-01T23:42:03","date_gmt":"2007-10-01T23:42:03","guid":{"rendered":"http:\/\/www.ciaobella.fr\/site\/?p=2280"},"modified":"2012-02-07T23:44:35","modified_gmt":"2012-02-07T23:44:35","slug":"interview-tillate-com","status":"publish","type":"post","link":"http:\/\/www.ciaobella.fr\/site\/2007\/10\/01\/interview-tillate-com\/","title":{"rendered":"Interview (Tillate.com)"},"content":{"rendered":"<blockquote><p><em>Ton album est \u00e0 la fois dr\u00f4le, d\u00e9cal\u00e9 mais assez sombre notamment du point de vue des relations amoureuses. D\u00e9lire artistique ou album autobiographique ? <\/em><\/p>\n<p>Non, ce n\u2019est pas du tout un d\u00e9lire artistique. C\u2019est autobiographique sur une certaine p\u00e9riode de ma vie. L\u2019an dernier, lorsque j\u2019ai compos\u00e9 cet album j\u2019\u00e9tais dans une passe de trouble sentimental. J\u2019ai cru des choses de la part d\u2019un gar\u00e7on, j\u2019ai \u00e9t\u00e9 d\u00e9\u00e7ue et voil\u00e0, je d\u00e9voile totalement cette p\u00e9riode\u2026 Je ne me suis mis aucune barri\u00e8re dans l\u2019\u00e9criture ! <\/p>\n<p><em>Finalement, les relations amoureuses et ses rat\u00e9s restent un th\u00e8me incontournable pour faire de belles chansons ?<br \/>\n<\/em><br \/>\nC\u2019est beaucoup plus simple que de parler de la pluie et du beau temps ! Il y en a qui arrive tr\u00e8s bien \u00e0 \u00e9crire sur tout et n\u2019importe quoi : sur un d\u00eener, sur des objets, sur un tableau comme Vincent Delerm et B\u00e9nabar\u2026 J\u2019aimerais bien y arriver aussi mais je me sens beaucoup plus \u00e0 l\u2019aise sur des choses v\u00e9cues\u2026 <\/p>\n<p><em>Tu n\u2019es pas tendre avec le \u00ab Sombre con \u00bb dont tu parles dans ta chanson ! Limite un peu castratrice pour le pauvre gar\u00e7on !<br \/>\n<\/em><br \/>\n(Rires) A ce point ? Eh bien j\u2019ai vraiment \u00e9crit les sensations que j\u2019avais \u00e0 ce moment l\u00e0 ! Apr\u00e8s une rupture, surtout lorsque l\u2019on ne la provoque pas, on passe pour tous les stades ! Ce gar\u00e7on, j\u2019avais l\u2019impression qu\u2019il avait grandit \u00e0 travers mon amour, qu\u2019il avait tout pris pour lui et puis basta ! Et apr\u00e8s avec le recul, tu te rends compte que ce n\u2019est pas que de la faute de l\u2019autre ! <\/p>\n<p><em>Comme dit le \u00ab Grand Popo Football Club \u00bb, tu penses que \u00ab les hommes, c\u2019est pas des mecs bien ? \u00bb<br \/>\n<\/em><br \/>\nAh non ! Je ne suis pas f\u00e9ministe du tout ! Je n\u2019ai pas envie de cracher sur tous les hommes ! Car m\u00eame si le dialogue entre homme et femme n\u2019est pas toujours \u00e9vident, on ne peut pas vivre l\u2019un sans l\u2019autre ! <\/p>\n<p><em>Ma chanson pr\u00e9f\u00e9r\u00e9e de ton album a \u00e9t\u00e9 d\u00e8s le d\u00e9part \u00ab Ciao Bella \u00bb. Peux tu m\u2019en dire un peu plus sur cette chanson ?<br \/>\n<\/em><br \/>\nCette chanson parle de mon grand p\u00e8re. \u00ab Ciao Bella \u00bb sont les derniers mots que mon grand p\u00e8re m\u2019a dit. J\u2019ai mis du temps \u00e0 la chanter sur sc\u00e8ne car au d\u00e9but je ne pouvais m\u2019emp\u00eacher de pleurer\u2026 Et encore maintenant, je ressens toujours une grosse \u00e9motion quand je la chante. <\/p>\n<p><em>Ton album est tr\u00e8s int\u00e9ressant car on peut tr\u00e8s bien l\u2019\u00e9couter en fond sonore tranquillement chez soi mais aussi tr\u00e8s bien imaginer l\u2019\u00e9nergie que les chansons peuvent d\u00e9gager sur sc\u00e8ne. C\u2019\u00e9tait une volont\u00e9 de ta part d\u2019allier les deux ?<br \/>\n<\/em>Effectivement, j\u2019essaie de travailler la sc\u00e8ne dans ce sens. Des fois, je trouve mon album trop \u00ab clean \u00bb et sur sc\u00e8ne j\u2019aimerais le rendre plus rock ou plus folk et moins \u00e9pur\u00e9 ! <\/p>\n<p><em>Comment te situes tu sur la sc\u00e8ne f\u00e9minine francophone qui compte d\u00e9j\u00e0 de nombreux artistes comme Ana\u00efs, Camille, Pauline Croze\u2026 ?<br \/>\n<\/em><br \/>\nIl y a plusieurs cat\u00e9gories\u2026 Camille c\u2019est beaucoup plus musical, Ana\u00efs c\u2019est un vrai One Woman Show. Moi je me consid\u00e8re plus comme une chanteuse fran\u00e7aise \u00e0 texte jouant de la folk ! Voil\u00e0 tout ! (Rires) <\/p>\n<p><em>Et que r\u00e9ponds tu \u00e0 ceux qui disent qu\u2019il y a trop de \u00ab chanteuses \u00e0 texte \u00bb \u00e0 l\u2019heure actuelle ?<br \/>\n<\/em><br \/>\nJe trouve \u00e7a vraiment bien que les filles s\u2019y mettent. Il y a plus d\u2019\u00e9motion dans une chanson quand c\u2019est une fille qui l\u2019interpr\u00e8te. Le probl\u00e8me des mecs, c\u2019est que c\u2019est plus souvent parl\u00e9 que chant\u00e9. Donc j\u2019attends maintenant la nouvelle vague des chanteurs qui chantent ! <\/p>\n<p><em>Dans quel \u00e9tat d\u2019esprit est on lorsque des Alain Souchon, Axelle Red ou Martin Rappeneau nous font appel pour assurer leurs premi\u00e8res parties ?<br \/>\n<\/em><br \/>\nLa premi\u00e8re fois avec Souchon, j\u2019\u00e9tais tr\u00e8s, tr\u00e8s touch\u00e9e. Il m\u2019a laiss\u00e9 carte blanche et l\u00e0, \u00e7a te permet de prendre du galon, c\u2019est s\u00fbr ! Et puis tu te dis \u00ab Si lui m\u2019a voulu, c\u2019est qu\u2019il a aim\u00e9 ce que je fais \u00bb, personne ne m\u2019a impos\u00e9 \u00e0 lui donc c\u2019est gros signe de reconnaissance ! Ce qui est difficile, c\u2019est que c\u2019est un public diff\u00e9rent \u00e0 chaque fois et l\u2019enthousiasme se manifeste diff\u00e9remment. Il y a tellement de facteurs qui jouent\u2026 En Province par exemple, je trouve que l\u2019on plus se l\u00e2cher qu\u2019\u00e0 Paris, je suis moins timide. <\/p>\n<p><em>La sc\u00e8ne, est ce la finalit\u00e9 de ce m\u00e9tier pour toi ? J\u2019ai lu que tu avais peur de ne pas en \u00eatre capable\u2026<br \/>\n<\/em><br \/>\nCa me rappelle un peu mon m\u00e9tier d\u2019institutrice ! (Rires) Je n\u2019oublies que je viens d\u2019une estrade ! C\u2019est tout de m\u00eame difficile car, je ne suis pas habitu\u00e9 \u00e0 jouer avec des musiciens. En plus sur sc\u00e8ne, j\u2019ai vraiment envie de faire quelque chose de diff\u00e9rent par rapport \u00e0 l\u2019album ! <\/p>\n<p><em>Enfin, le duo de tes r\u00eaves ?<br \/>\n<\/em><br \/>\nCela aurait \u00e9t\u00e9 incontestablement avec Janis Joplin\u2026 Sinon, j\u2019adorerais faire un duo avec Jack White ou \u2013M-<\/p><\/blockquote>\n<p>\u00bb\u00a0<a href=\"http:\/\/www.ciaobella.fr\/forum\/viewtopic.php?t=254\">On en parle sur le forum<\/a><br \/>\n\u00bb\u00a0<a href=\"http:\/\/www.ciaobella.fr\/site\/web\/\">Retour \u00e0 la page WEB<\/a><\/p>\n","protected":false},"excerpt":{"rendered":"<p>Ton album est \u00e0 la fois dr\u00f4le, d\u00e9cal\u00e9 mais assez sombre notamment du point de vue des relations amoureuses. D\u00e9lire artistique ou album autobiographique ? Non, ce n\u2019est pas du tout un d\u00e9lire artistique. C\u2019est autobiographique sur une certaine p\u00e9riode de ma vie. L\u2019an dernier, lorsque j\u2019ai compos\u00e9 cet album j\u2019\u00e9tais dans une passe de [&hellip;]<\/p>\n","protected":false},"author":3,"featured_media":0,"comment_status":"open","ping_status":"open","sticky":false,"template":"","format":"standard","meta":[],"categories":[9],"tags":[],"_links":{"self":[{"href":"http:\/\/www.ciaobella.fr\/site\/wp-json\/wp\/v2\/posts\/2280"}],"collection":[{"href":"http:\/\/www.ciaobella.fr\/site\/wp-json\/wp\/v2\/posts"}],"about":[{"href":"http:\/\/www.ciaobella.fr\/site\/wp-json\/wp\/v2\/types\/post"}],"author":[{"embeddable":true,"href":"http:\/\/www.ciaobella.fr\/site\/wp-json\/wp\/v2\/users\/3"}],"replies":[{"embeddable":true,"href":"http:\/\/www.ciaobella.fr\/site\/wp-json\/wp\/v2\/comments?post=2280"}],"version-history":[{"count":3,"href":"http:\/\/www.ciaobella.fr\/site\/wp-json\/wp\/v2\/posts\/2280\/revisions"}],"predecessor-version":[{"id":2316,"href":"http:\/\/www.ciaobella.fr\/site\/wp-json\/wp\/v2\/posts\/2280\/revisions\/2316"}],"wp:attachment":[{"href":"http:\/\/www.ciaobella.fr\/site\/wp-json\/wp\/v2\/media?parent=2280"}],"wp:term":[{"taxonomy":"category","embeddable":true,"href":"http:\/\/www.ciaobella.fr\/site\/wp-json\/wp\/v2\/categories?post=2280"},{"taxonomy":"post_tag","embeddable":true,"href":"http:\/\/www.ciaobella.fr\/site\/wp-json\/wp\/v2\/tags?post=2280"}],"curies":[{"name":"wp","href":"https:\/\/api.w.org\/{rel}","templated":true}]}}