{"id":1850,"date":"2010-01-07T21:24:58","date_gmt":"2010-01-07T21:24:58","guid":{"rendered":"http:\/\/www.ciaobella.fr\/site\/?p=1850"},"modified":"2012-01-09T10:18:37","modified_gmt":"2012-01-09T10:18:37","slug":"festival-de-la-chanson-francaise-risoul","status":"publish","type":"post","link":"http:\/\/www.ciaobella.fr\/site\/2010\/01\/07\/festival-de-la-chanson-francaise-risoul\/","title":{"rendered":"Festival de la chanson francaise (Risoul)"},"content":{"rendered":"<p style=\"text-align: center;\"><small><em>Si vous avez assist\u00e9 \u00e0 ce concert et que vous avez plus d&rsquo;infos (setlists, photos, vid\u00e9os, anecdotes&#8230;),<br \/>\nn\u2019h\u00e9sitez pas \u00e0 <a href=\"mailto:contact@ciaobella.fr\">nous mailer<\/a> !<\/em><\/small><\/p>\n<h2>AFFICHE<\/h2>\n<p><a href=\"http:\/\/www.ciaobella.fr\/site\/wp-content\/uploads\/2011\/12\/affiche_risoul.jpg\"><img loading=\"lazy\" class=\"alignnone size-thumbnail wp-image-1851\" title=\"affiche_risoul\" src=\"http:\/\/www.ciaobella.fr\/site\/wp-content\/uploads\/2011\/12\/affiche_risoul-150x150.jpg\" alt=\"\" width=\"150\" height=\"150\" \/><\/a><\/p>\n<h2>PHOTOS<\/h2>\n<p>Par <a href=\"http:\/\/www.laprovence.com\/\" target=\"_blank\">La Provence<\/a><br \/>\n<a href=\"http:\/\/www.ciaobella.fr\/site\/wp-content\/uploads\/2011\/12\/roserisouljanvier2010.jpg\"><img loading=\"lazy\" class=\"alignnone size-thumbnail wp-image-1852\" title=\"roserisouljanvier2010\" src=\"http:\/\/www.ciaobella.fr\/site\/wp-content\/uploads\/2011\/12\/roserisouljanvier2010-150x150.jpg\" alt=\"\" width=\"150\" height=\"150\" srcset=\"http:\/\/www.ciaobella.fr\/site\/wp-content\/uploads\/2011\/12\/roserisouljanvier2010-150x150.jpg 150w, http:\/\/www.ciaobella.fr\/site\/wp-content\/uploads\/2011\/12\/roserisouljanvier2010-300x300.jpg 300w, http:\/\/www.ciaobella.fr\/site\/wp-content\/uploads\/2011\/12\/roserisouljanvier2010.jpg 399w\" sizes=\"(max-width: 150px) 100vw, 150px\" \/><\/a> <a href=\"http:\/\/www.ciaobella.fr\/site\/wp-content\/uploads\/2011\/12\/roserisouljanvier20102.jpg\"><img loading=\"lazy\" class=\"alignnone size-thumbnail wp-image-1853\" title=\"roserisouljanvier20102\" src=\"http:\/\/www.ciaobella.fr\/site\/wp-content\/uploads\/2011\/12\/roserisouljanvier20102-150x150.jpg\" alt=\"\" width=\"150\" height=\"150\" \/><\/a><br \/>\n<a href=\"http:\/\/www.ciaobella.fr\/site\/wp-content\/uploads\/2011\/12\/roserisouljanvier20103.jpg\"><img loading=\"lazy\" class=\"alignnone size-large wp-image-1854\" title=\"roserisouljanvier20103\" src=\"http:\/\/www.ciaobella.fr\/site\/wp-content\/uploads\/2011\/12\/roserisouljanvier20103-600x399.jpg\" alt=\"\" width=\"600\" height=\"399\" srcset=\"http:\/\/www.ciaobella.fr\/site\/wp-content\/uploads\/2011\/12\/roserisouljanvier20103-600x399.jpg 600w, http:\/\/www.ciaobella.fr\/site\/wp-content\/uploads\/2011\/12\/roserisouljanvier20103-300x199.jpg 300w, http:\/\/www.ciaobella.fr\/site\/wp-content\/uploads\/2011\/12\/roserisouljanvier20103.jpg 604w\" sizes=\"(max-width: 600px) 100vw, 600px\" \/><\/a><\/p>\n<h2>VIDEOS<\/h2>\n<p><strong>Rose et Clarika &#8211; Quitte moi<\/strong><br \/>\n<iframe loading=\"lazy\" title=\"Rose et Clarika &quot;Quitte-moi&quot;\" frameborder=\"0\" width=\"696\" height=\"522\" src=\"https:\/\/www.dailymotion.com\/embed\/video\/xbvhp6\" allowfullscreen allow=\"autoplay\"><\/iframe><\/p>\n<p><strong>Clarika et Rose &#8211; Dans les cabines d&rsquo;essayage<\/strong><br \/>\n<iframe loading=\"lazy\" title=\"Clarika et Rose - Dans les cabines d&#039;essayages\" frameborder=\"0\" width=\"696\" height=\"522\" src=\"https:\/\/www.dailymotion.com\/embed\/video\/xbwe57\" allowfullscreen allow=\"autoplay\"><\/iframe><\/p>\n<h2>SETLIST<\/h2>\n<blockquote><p>Qu\u2019est-ce qu\u2019on attend de moi<br \/>\nComment c\u2019\u00e9tait d\u00e9j\u00e0<br \/>\nYes we did<br \/>\nJe gu\u00e9ris<br \/>\nChez moi<br \/>\nL\u2019acide<br \/>\nNe partez pas<br \/>\nDe ma fen\u00eatre<br \/>\nJ\u2019ai 18 ans<br \/>\nLa liste<br \/>\nQuitte-moi (en duo avec Clarika)<br \/>\nMa corde au clou<br \/>\nQui peut dire<br \/>\nCiao Bella<br \/>\n&#8212;<br \/>\nJ\u2019sais plus<br \/>\nLes souvenirs sous ma frange<br \/>\nComme un marin<\/p><\/blockquote>\n<p>&#8212;<br \/>\n\u00bb <a href=\"http:\/\/www.ciaobella.fr\/forum\/viewtopic.php?t=610\" target=\"_blank\">On en parle sur le forum<\/a><br \/>\n\u00bb <a href=\"http:\/\/www.ciaobella.fr\/site\/concerts\/\">Retour en page CONCERTS<\/a><\/p>\n","protected":false},"excerpt":{"rendered":"<p>Si vous avez assist\u00e9 \u00e0 ce concert et que vous avez plus d&rsquo;infos (setlists, photos, vid\u00e9os, anecdotes&#8230;), n\u2019h\u00e9sitez pas \u00e0 nous mailer ! AFFICHE PHOTOS Par La Provence VIDEOS Rose et Clarika &#8211; Quitte moi Clarika et Rose &#8211; Dans les cabines d&rsquo;essayage SETLIST Qu\u2019est-ce qu\u2019on attend de moi Comment c\u2019\u00e9tait d\u00e9j\u00e0 Yes we did [&hellip;]<\/p>\n","protected":false},"author":2,"featured_media":1852,"comment_status":"open","ping_status":"open","sticky":false,"template":"","format":"standard","meta":[],"categories":[4],"tags":[],"_links":{"self":[{"href":"http:\/\/www.ciaobella.fr\/site\/wp-json\/wp\/v2\/posts\/1850"}],"collection":[{"href":"http:\/\/www.ciaobella.fr\/site\/wp-json\/wp\/v2\/posts"}],"about":[{"href":"http:\/\/www.ciaobella.fr\/site\/wp-json\/wp\/v2\/types\/post"}],"author":[{"embeddable":true,"href":"http:\/\/www.ciaobella.fr\/site\/wp-json\/wp\/v2\/users\/2"}],"replies":[{"embeddable":true,"href":"http:\/\/www.ciaobella.fr\/site\/wp-json\/wp\/v2\/comments?post=1850"}],"version-history":[{"count":5,"href":"http:\/\/www.ciaobella.fr\/site\/wp-json\/wp\/v2\/posts\/1850\/revisions"}],"predecessor-version":[{"id":2075,"href":"http:\/\/www.ciaobella.fr\/site\/wp-json\/wp\/v2\/posts\/1850\/revisions\/2075"}],"wp:featuredmedia":[{"embeddable":true,"href":"http:\/\/www.ciaobella.fr\/site\/wp-json\/wp\/v2\/media\/1852"}],"wp:attachment":[{"href":"http:\/\/www.ciaobella.fr\/site\/wp-json\/wp\/v2\/media?parent=1850"}],"wp:term":[{"taxonomy":"category","embeddable":true,"href":"http:\/\/www.ciaobella.fr\/site\/wp-json\/wp\/v2\/categories?post=1850"},{"taxonomy":"post_tag","embeddable":true,"href":"http:\/\/www.ciaobella.fr\/site\/wp-json\/wp\/v2\/tags?post=1850"}],"curies":[{"name":"wp","href":"https:\/\/api.w.org\/{rel}","templated":true}]}}