{"id":1843,"date":"2010-05-04T21:08:34","date_gmt":"2010-05-04T21:08:34","guid":{"rendered":"http:\/\/www.ciaobella.fr\/site\/?p=1843"},"modified":"2012-10-24T15:02:15","modified_gmt":"2012-10-24T15:02:15","slug":"cafe-de-la-danse-paris-2","status":"publish","type":"post","link":"http:\/\/www.ciaobella.fr\/site\/2010\/05\/04\/cafe-de-la-danse-paris-2\/","title":{"rendered":"Cafe de la Danse (Paris)"},"content":{"rendered":"<p style=\"text-align: center;\"><small><em>Si vous avez assist\u00e9 \u00e0 ce concert et que vous avez plus d&rsquo;infos (setlists, photos, vid\u00e9os, anecdotes&#8230;),<br \/>\nn\u2019h\u00e9sitez pas \u00e0 <a href=\"mailto:contact@ciaobella.fr\">nous mailer<\/a> !<\/em><\/small><\/p>\n<h2>AFFICHE<\/h2>\n<p><a href=\"http:\/\/www.ciaobella.fr\/site\/wp-content\/uploads\/2011\/12\/guillemets.jpg\"><img loading=\"lazy\" class=\"alignnone size-thumbnail wp-image-1844\" title=\"guillemets\" src=\"http:\/\/www.ciaobella.fr\/site\/wp-content\/uploads\/2011\/12\/guillemets-150x150.jpg\" alt=\"\" width=\"150\" height=\"150\" \/><\/a><\/p>\n<h2>PHOTOS<\/h2>\n<p>Par Sandrine Cellard<br \/>\n<a href=\"http:\/\/www.ciaobella.fr\/site\/wp-content\/uploads\/2010\/05\/rose_by_sandrine_cellard.jpg\"><img loading=\"lazy\" class=\"alignnone size-full wp-image-1847\" title=\"Rose Clarika en concert au caf\u00e9 de la Danse, le 4 mai 2010\" src=\"http:\/\/www.ciaobella.fr\/site\/wp-content\/uploads\/2010\/05\/rose_by_sandrine_cellard.jpg\" alt=\"\" width=\"600\" height=\"400\" srcset=\"http:\/\/www.ciaobella.fr\/site\/wp-content\/uploads\/2010\/05\/rose_by_sandrine_cellard.jpg 600w, http:\/\/www.ciaobella.fr\/site\/wp-content\/uploads\/2010\/05\/rose_by_sandrine_cellard-300x200.jpg 300w\" sizes=\"(max-width: 600px) 100vw, 600px\" \/><\/a><br \/>\n\u00bb Voir <a href=\"http:\/\/www.sandrinecellard.fr\/rose.php\" target=\"_blank\">toutes ses photos<\/a><br \/>\n<img loading=\"lazy\" src=\"http:\/\/www.ciaobella.fr\/site\/wp-content\/uploads\/2010\/05\/backstage_guillemets.jpg\" alt=\"\" title=\"backstage_guillemets\" width=\"500\" height=\"333\" class=\"alignnone size-full wp-image-2600\" srcset=\"http:\/\/www.ciaobella.fr\/site\/wp-content\/uploads\/2010\/05\/backstage_guillemets.jpg 500w, http:\/\/www.ciaobella.fr\/site\/wp-content\/uploads\/2010\/05\/backstage_guillemets-300x199.jpg 300w\" sizes=\"(max-width: 500px) 100vw, 500px\" \/><br \/>\n\u00bb Voir <a href=\"http:\/\/www.ciaobella.fr\/site\/2010\/05\/04\/cafe-de-la-danse-paris-2\/\" target=\"_blank\">d&rsquo;autres photos \u00ab\u00a0Backstage\u00a0\u00bb<\/a><\/p>\n<h2>SETLIST + VIDEOS<\/h2>\n<p><em>Triple plateau avec Vincent Baguian et Clarika<\/em><\/p>\n<blockquote><p><a href=\"http:\/\/www.youtube.com\/watch?v=qxlWm3WlXVk\" target=\"_blank\">Saisons<\/a><br \/>\n<a href=\"http:\/\/www.youtube.com\/watch?v=UuKJWgWzFyg\" target=\"_blank\">Chez moi<\/a><br \/>\n<a href=\"http:\/\/www.youtube.com\/watch?v=77FEzJ4Xh4g\" target=\"_blank\">Comment c&rsquo;\u00e9tait d\u00e9j\u00e0<\/a><br \/>\n<a href=\"http:\/\/www.youtube.com\/watch?v=HLZ8zlL3-_0\" target=\"_blank\">La liste<\/a><br \/>\n<a href=\"http:\/\/www.youtube.com\/watch?v=7eBSWcAdJbA\" target=\"_blank\">Rose<\/a><br \/>\n<a href=\"http:\/\/www.youtube.com\/watch?v=Ho7ztLU5WCE\" target=\"_blank\">De ma fen\u00eatre<\/a><br \/>\n<a href=\"http:\/\/www.youtube.com\/watch?v=sG7o51kn5zE\" target=\"_blank\">J&rsquo;ai 18 ans<\/a><br \/>\n<a href=\"http:\/\/www.youtube.com\/watch?v=6qs_WGDI3ok\" target=\"_blank\">Quitte-moi<\/a><br \/>\n<a href=\"http:\/\/www.youtube.com\/watch?v=OZDghwgXXFU\" target=\"_blank\">Les souvenirs sous ma frange<\/a><br \/>\n<a href=\"http:\/\/www.youtube.com\/watch?v=BCMz7UWTWMA\" target=\"_blank\">Jamais Paris ne me laisse<\/a> (in\u00e9dite)<br \/>\n<a href=\"http:\/\/www.youtube.com\/watch?v=xovkGdIV_MU\" target=\"_blank\">Ciao Bella<\/a><\/p>\n<p>+ Final avec Clarika &amp; Vincent Baguian sur <a href=\"http:\/\/www.youtube.com\/watch?v=1y3oWzEc0Xg\" target=\"_blank\">L&rsquo;opportuniste<\/a> (Jacques Dutronc)<\/p><\/blockquote>\n<h2>LIVE REPORTS<\/h2>\n<p>\u00bb Sur <a href=\"http:\/\/archives.le-hiboo.com\/23195-vincent-baguian-rose-et-clarika-ouvrent-les-guillemets-au-cafe-de-la-danse\" target=\"_blank\">Le-HibOO.com<\/a><\/p>\n<blockquote><p>Rose glissera que l\u2019un de ses premiers concerts avait eu lieu dans cette m\u00eame salle, en premi\u00e8re partie de Skye (Morcheeba). C\u2019\u00e9tait en mai 2006, et pour la poign\u00e9e de fid\u00e8les qui la suivent depuis, la revoir en ces murs en formule acoustique, 4 ans et deux albums plus tard, avait des airs de revival. D\u2019autant plus qu\u2019il s\u2019agissait hier soir de l\u2019une des derni\u00e8res dates de sa tourn\u00e9e&#8230;<\/p><\/blockquote>\n<p>&#8212;<br \/>\n\u00bb <a href=\"http:\/\/www.ciaobella.fr\/forum\/viewtopic.php?t=626\" target=\"_blank\">On en parle sur le forum<\/a> (live reports, photos &#8230;)<br \/>\n\u00bb <a href=\"http:\/\/www.ciaobella.fr\/site\/concerts\/\">Retour en page CONCERTS<\/a><\/p>\n","protected":false},"excerpt":{"rendered":"<p>Si vous avez assist\u00e9 \u00e0 ce concert et que vous avez plus d&rsquo;infos (setlists, photos, vid\u00e9os, anecdotes&#8230;), n\u2019h\u00e9sitez pas \u00e0 nous mailer ! AFFICHE PHOTOS Par Sandrine Cellard \u00bb Voir toutes ses photos \u00bb Voir d&rsquo;autres photos \u00ab\u00a0Backstage\u00a0\u00bb SETLIST + VIDEOS Triple plateau avec Vincent Baguian et Clarika Saisons Chez moi Comment c&rsquo;\u00e9tait d\u00e9j\u00e0 La [&hellip;]<\/p>\n","protected":false},"author":2,"featured_media":1847,"comment_status":"open","ping_status":"open","sticky":false,"template":"","format":"standard","meta":[],"categories":[4],"tags":[],"_links":{"self":[{"href":"http:\/\/www.ciaobella.fr\/site\/wp-json\/wp\/v2\/posts\/1843"}],"collection":[{"href":"http:\/\/www.ciaobella.fr\/site\/wp-json\/wp\/v2\/posts"}],"about":[{"href":"http:\/\/www.ciaobella.fr\/site\/wp-json\/wp\/v2\/types\/post"}],"author":[{"embeddable":true,"href":"http:\/\/www.ciaobella.fr\/site\/wp-json\/wp\/v2\/users\/2"}],"replies":[{"embeddable":true,"href":"http:\/\/www.ciaobella.fr\/site\/wp-json\/wp\/v2\/comments?post=1843"}],"version-history":[{"count":7,"href":"http:\/\/www.ciaobella.fr\/site\/wp-json\/wp\/v2\/posts\/1843\/revisions"}],"predecessor-version":[{"id":2912,"href":"http:\/\/www.ciaobella.fr\/site\/wp-json\/wp\/v2\/posts\/1843\/revisions\/2912"}],"wp:featuredmedia":[{"embeddable":true,"href":"http:\/\/www.ciaobella.fr\/site\/wp-json\/wp\/v2\/media\/1847"}],"wp:attachment":[{"href":"http:\/\/www.ciaobella.fr\/site\/wp-json\/wp\/v2\/media?parent=1843"}],"wp:term":[{"taxonomy":"category","embeddable":true,"href":"http:\/\/www.ciaobella.fr\/site\/wp-json\/wp\/v2\/categories?post=1843"},{"taxonomy":"post_tag","embeddable":true,"href":"http:\/\/www.ciaobella.fr\/site\/wp-json\/wp\/v2\/tags?post=1843"}],"curies":[{"name":"wp","href":"https:\/\/api.w.org\/{rel}","templated":true}]}}